{"id":75286,"count":1,"description":"","link":"https:\/\/dimensionturistica.com\/es\/tag\/la-elite-de-la-gastronomia-mundial-mira-hacia-valencia-tags-gastronomia\/","name":"La \u00e9lite de la gastronom\u00eda mundial mira hacia Val\u00e8ncia Tags: gastronom\u00eda","slug":"la-elite-de-la-gastronomia-mundial-mira-hacia-valencia-tags-gastronomia","taxonomy":"post_tag","meta":[],"_links":{"self":[{"href":"https:\/\/dimensionturistica.com\/es\/wp-json\/wp\/v2\/tags\/75286","targetHints":{"allow":["GET"]}}],"collection":[{"href":"https:\/\/dimensionturistica.com\/es\/wp-json\/wp\/v2\/tags"}],"about":[{"href":"https:\/\/dimensionturistica.com\/es\/wp-json\/wp\/v2\/taxonomies\/post_tag"}],"wp:post_type":[{"href":"https:\/\/dimensionturistica.com\/es\/wp-json\/wp\/v2\/posts?tags=75286"}],"curies":[{"name":"wp","href":"https:\/\/api.w.org\/{rel}","templated":true}]}}