{"id":48826,"count":1,"description":"","link":"https:\/\/dimensionturistica.com\/es\/tag\/ftalks-food-summit22-dara-el-salto-de-espana-a-latinoamerica\/","name":"ftalks Food Summit\u201922 dar\u00e1 el salto de Espa\u00f1a a Latinoam\u00e9rica","slug":"ftalks-food-summit22-dara-el-salto-de-espana-a-latinoamerica","taxonomy":"post_tag","meta":[],"_links":{"self":[{"href":"https:\/\/dimensionturistica.com\/es\/wp-json\/wp\/v2\/tags\/48826","targetHints":{"allow":["GET"]}}],"collection":[{"href":"https:\/\/dimensionturistica.com\/es\/wp-json\/wp\/v2\/tags"}],"about":[{"href":"https:\/\/dimensionturistica.com\/es\/wp-json\/wp\/v2\/taxonomies\/post_tag"}],"wp:post_type":[{"href":"https:\/\/dimensionturistica.com\/es\/wp-json\/wp\/v2\/posts?tags=48826"}],"curies":[{"name":"wp","href":"https:\/\/api.w.org\/{rel}","templated":true}]}}