{"id":46664,"count":1,"description":"","link":"https:\/\/dimensionturistica.com\/es\/tag\/declaracion-de-glasgow-sobre-la-accion-climatica-en-el-turismo\/","name":"Declaraci\u00f3n de Glasgow sobre la Acci\u00f3n Clim\u00e1tica en el Turismo","slug":"declaracion-de-glasgow-sobre-la-accion-climatica-en-el-turismo","taxonomy":"post_tag","meta":[],"_links":{"self":[{"href":"https:\/\/dimensionturistica.com\/es\/wp-json\/wp\/v2\/tags\/46664","targetHints":{"allow":["GET"]}}],"collection":[{"href":"https:\/\/dimensionturistica.com\/es\/wp-json\/wp\/v2\/tags"}],"about":[{"href":"https:\/\/dimensionturistica.com\/es\/wp-json\/wp\/v2\/taxonomies\/post_tag"}],"wp:post_type":[{"href":"https:\/\/dimensionturistica.com\/es\/wp-json\/wp\/v2\/posts?tags=46664"}],"curies":[{"name":"wp","href":"https:\/\/api.w.org\/{rel}","templated":true}]}}