{"id":277611,"count":1,"description":"","link":"https:\/\/dimensionturistica.com\/es\/tag\/turismo-noticias-agencia-de-viajes-profesional-sector-turistico-actualidad-tendencias-viajes-informacion-mercado-turistico\/","name":"turismo noticias agencia de viajes profesional sector tur\u00edstico actualidad tendencias viajes informaci\u00f3n mercado tur\u00edstico","slug":"turismo-noticias-agencia-de-viajes-profesional-sector-turistico-actualidad-tendencias-viajes-informacion-mercado-turistico","taxonomy":"post_tag","meta":[],"_links":{"self":[{"href":"https:\/\/dimensionturistica.com\/es\/wp-json\/wp\/v2\/tags\/277611","targetHints":{"allow":["GET"]}}],"collection":[{"href":"https:\/\/dimensionturistica.com\/es\/wp-json\/wp\/v2\/tags"}],"about":[{"href":"https:\/\/dimensionturistica.com\/es\/wp-json\/wp\/v2\/taxonomies\/post_tag"}],"wp:post_type":[{"href":"https:\/\/dimensionturistica.com\/es\/wp-json\/wp\/v2\/posts?tags=277611"}],"curies":[{"name":"wp","href":"https:\/\/api.w.org\/{rel}","templated":true}]}}