{"id":277181,"count":1,"description":"","link":"https:\/\/dimensionturistica.com\/es\/tag\/aclaracion-informacion-inexacta-medios-digitales-fam-trip-iguazu-turiweb-news-turismo-desinformacion-comunicacion\/","name":"Aclaraci\u00f3n Informaci\u00f3n inexacta Medios digitales Fam trip Iguaz\u00fa Turiweb News Turismo Desinformaci\u00f3n Comunicaci\u00f3n","slug":"aclaracion-informacion-inexacta-medios-digitales-fam-trip-iguazu-turiweb-news-turismo-desinformacion-comunicacion","taxonomy":"post_tag","meta":[],"_links":{"self":[{"href":"https:\/\/dimensionturistica.com\/es\/wp-json\/wp\/v2\/tags\/277181","targetHints":{"allow":["GET"]}}],"collection":[{"href":"https:\/\/dimensionturistica.com\/es\/wp-json\/wp\/v2\/tags"}],"about":[{"href":"https:\/\/dimensionturistica.com\/es\/wp-json\/wp\/v2\/taxonomies\/post_tag"}],"wp:post_type":[{"href":"https:\/\/dimensionturistica.com\/es\/wp-json\/wp\/v2\/posts?tags=277181"}],"curies":[{"name":"wp","href":"https:\/\/api.w.org\/{rel}","templated":true}]}}