{"id":273415,"count":1,"description":"","link":"https:\/\/dimensionturistica.com\/es\/tag\/oriente-proximo-conflicto-viajes-internacionales-wttc-turismo-riesgos-2026-economia-global-seguridad-en-viajes-impacto-turistico\/","name":"Oriente Pr\u00f3ximo Conflicto Viajes internacionales WTTC Turismo Riesgos 2026 Econom\u00eda global Seguridad en viajes Impacto tur\u00edstico","slug":"oriente-proximo-conflicto-viajes-internacionales-wttc-turismo-riesgos-2026-economia-global-seguridad-en-viajes-impacto-turistico","taxonomy":"post_tag","meta":[],"_links":{"self":[{"href":"https:\/\/dimensionturistica.com\/es\/wp-json\/wp\/v2\/tags\/273415","targetHints":{"allow":["GET"]}}],"collection":[{"href":"https:\/\/dimensionturistica.com\/es\/wp-json\/wp\/v2\/tags"}],"about":[{"href":"https:\/\/dimensionturistica.com\/es\/wp-json\/wp\/v2\/taxonomies\/post_tag"}],"wp:post_type":[{"href":"https:\/\/dimensionturistica.com\/es\/wp-json\/wp\/v2\/posts?tags=273415"}],"curies":[{"name":"wp","href":"https:\/\/api.w.org\/{rel}","templated":true}]}}