{"id":260770,"count":1,"description":"","link":"https:\/\/dimensionturistica.com\/es\/tag\/trump-prohibicion-de-viajes-pasaportes-dorados-caribe-politica-economia-turismo-relaciones-internacionales-inmigracion-desarrollo-regional\/","name":"Trump prohibici\u00f3n de viajes pasaportes dorados Caribe pol\u00edtica econom\u00eda turismo relaciones internacionales inmigraci\u00f3n desarrollo regional","slug":"trump-prohibicion-de-viajes-pasaportes-dorados-caribe-politica-economia-turismo-relaciones-internacionales-inmigracion-desarrollo-regional","taxonomy":"post_tag","meta":[],"_links":{"self":[{"href":"https:\/\/dimensionturistica.com\/es\/wp-json\/wp\/v2\/tags\/260770","targetHints":{"allow":["GET"]}}],"collection":[{"href":"https:\/\/dimensionturistica.com\/es\/wp-json\/wp\/v2\/tags"}],"about":[{"href":"https:\/\/dimensionturistica.com\/es\/wp-json\/wp\/v2\/taxonomies\/post_tag"}],"wp:post_type":[{"href":"https:\/\/dimensionturistica.com\/es\/wp-json\/wp\/v2\/posts?tags=260770"}],"curies":[{"name":"wp","href":"https:\/\/api.w.org\/{rel}","templated":true}]}}