{"id":253329,"count":1,"description":"","link":"https:\/\/dimensionturistica.com\/es\/tag\/puerto-de-melilla-congreso-internacional-turismo-nautico-cruceros-andalucia-mar-de-alboran-eventos-turisticos-industria-nautica\/","name":"Puerto de Melilla Congreso Internacional Turismo N\u00e1utico Cruceros Andaluc\u00eda Mar de Albor\u00e1n Eventos tur\u00edsticos Industria n\u00e1utica","slug":"puerto-de-melilla-congreso-internacional-turismo-nautico-cruceros-andalucia-mar-de-alboran-eventos-turisticos-industria-nautica","taxonomy":"post_tag","meta":[],"_links":{"self":[{"href":"https:\/\/dimensionturistica.com\/es\/wp-json\/wp\/v2\/tags\/253329","targetHints":{"allow":["GET"]}}],"collection":[{"href":"https:\/\/dimensionturistica.com\/es\/wp-json\/wp\/v2\/tags"}],"about":[{"href":"https:\/\/dimensionturistica.com\/es\/wp-json\/wp\/v2\/taxonomies\/post_tag"}],"wp:post_type":[{"href":"https:\/\/dimensionturistica.com\/es\/wp-json\/wp\/v2\/posts?tags=253329"}],"curies":[{"name":"wp","href":"https:\/\/api.w.org\/{rel}","templated":true}]}}