{"id":251785,"count":1,"description":"","link":"https:\/\/dimensionturistica.com\/es\/tag\/turismo-noticias-profesional-agencias-de-viajes-sector-turistico-actualidad-turistica-informacion-del-viaje-tendencias-del-turismo-mercado-turistico-viajes\/","name":"turismo noticias profesional agencias de viajes sector tur\u00edstico actualidad tur\u00edstica informaci\u00f3n del viaje tendencias del turismo mercado tur\u00edstico viajes","slug":"turismo-noticias-profesional-agencias-de-viajes-sector-turistico-actualidad-turistica-informacion-del-viaje-tendencias-del-turismo-mercado-turistico-viajes","taxonomy":"post_tag","meta":[],"_links":{"self":[{"href":"https:\/\/dimensionturistica.com\/es\/wp-json\/wp\/v2\/tags\/251785","targetHints":{"allow":["GET"]}}],"collection":[{"href":"https:\/\/dimensionturistica.com\/es\/wp-json\/wp\/v2\/tags"}],"about":[{"href":"https:\/\/dimensionturistica.com\/es\/wp-json\/wp\/v2\/taxonomies\/post_tag"}],"wp:post_type":[{"href":"https:\/\/dimensionturistica.com\/es\/wp-json\/wp\/v2\/posts?tags=251785"}],"curies":[{"name":"wp","href":"https:\/\/api.w.org\/{rel}","templated":true}]}}