{"id":250900,"count":1,"description":"","link":"https:\/\/dimensionturistica.com\/es\/tag\/turismo-noticias-viajes-agentes-de-viajes-industria-turistica-profesionales-del-turismo-tendencias-de-viaje-informacion-actualidad-turistica-mercado-turistico\/","name":"turismo noticias viajes agentes de viajes industria tur\u00edstica profesionales del turismo tendencias de viaje informaci\u00f3n actualidad tur\u00edstica mercado tur\u00edstico","slug":"turismo-noticias-viajes-agentes-de-viajes-industria-turistica-profesionales-del-turismo-tendencias-de-viaje-informacion-actualidad-turistica-mercado-turistico","taxonomy":"post_tag","meta":[],"_links":{"self":[{"href":"https:\/\/dimensionturistica.com\/es\/wp-json\/wp\/v2\/tags\/250900","targetHints":{"allow":["GET"]}}],"collection":[{"href":"https:\/\/dimensionturistica.com\/es\/wp-json\/wp\/v2\/tags"}],"about":[{"href":"https:\/\/dimensionturistica.com\/es\/wp-json\/wp\/v2\/taxonomies\/post_tag"}],"wp:post_type":[{"href":"https:\/\/dimensionturistica.com\/es\/wp-json\/wp\/v2\/posts?tags=250900"}],"curies":[{"name":"wp","href":"https:\/\/api.w.org\/{rel}","templated":true}]}}