{"id":245213,"count":1,"description":"","link":"https:\/\/dimensionturistica.com\/es\/tag\/ue-registro-viajero-politica-europea-migracion-seguridad-noticias-de-la-ue-gestion-de-fronteras-legislacion-europea-derechos-humanos-viajes-internacionales\/","name":"UE registro viajero pol\u00edtica europea migraci\u00f3n seguridad noticias de la UE gesti\u00f3n de fronteras legislaci\u00f3n europea derechos humanos viajes internacionales","slug":"ue-registro-viajero-politica-europea-migracion-seguridad-noticias-de-la-ue-gestion-de-fronteras-legislacion-europea-derechos-humanos-viajes-internacionales","taxonomy":"post_tag","meta":[],"_links":{"self":[{"href":"https:\/\/dimensionturistica.com\/es\/wp-json\/wp\/v2\/tags\/245213","targetHints":{"allow":["GET"]}}],"collection":[{"href":"https:\/\/dimensionturistica.com\/es\/wp-json\/wp\/v2\/tags"}],"about":[{"href":"https:\/\/dimensionturistica.com\/es\/wp-json\/wp\/v2\/taxonomies\/post_tag"}],"wp:post_type":[{"href":"https:\/\/dimensionturistica.com\/es\/wp-json\/wp\/v2\/posts?tags=245213"}],"curies":[{"name":"wp","href":"https:\/\/api.w.org\/{rel}","templated":true}]}}