{"id":242403,"count":1,"description":"","link":"https:\/\/dimensionturistica.com\/es\/tag\/turismo-noticias-agentes-de-viaje-profesionales-del-turismo-sector-turistico-informacion-turistica-tendencias-de-viaje-actualidad-turistica-viajes-turismo-sostenible\/","name":"turismo noticias agentes de viaje profesionales del turismo sector tur\u00edstico informaci\u00f3n tur\u00edstica tendencias de viaje actualidad tur\u00edstica viajes turismo sostenible","slug":"turismo-noticias-agentes-de-viaje-profesionales-del-turismo-sector-turistico-informacion-turistica-tendencias-de-viaje-actualidad-turistica-viajes-turismo-sostenible","taxonomy":"post_tag","meta":[],"_links":{"self":[{"href":"https:\/\/dimensionturistica.com\/es\/wp-json\/wp\/v2\/tags\/242403","targetHints":{"allow":["GET"]}}],"collection":[{"href":"https:\/\/dimensionturistica.com\/es\/wp-json\/wp\/v2\/tags"}],"about":[{"href":"https:\/\/dimensionturistica.com\/es\/wp-json\/wp\/v2\/taxonomies\/post_tag"}],"wp:post_type":[{"href":"https:\/\/dimensionturistica.com\/es\/wp-json\/wp\/v2\/posts?tags=242403"}],"curies":[{"name":"wp","href":"https:\/\/api.w.org\/{rel}","templated":true}]}}