{"id":240802,"count":1,"description":"","link":"https:\/\/dimensionturistica.com\/es\/tag\/anaya-viaje-japon-andy-lopez-beltran-austeridad-morena-critica-politica-economia-actualidad\/","name":"Anaya viaje Jap\u00f3n Andy L\u00f3pez Beltr\u00e1n austeridad Morena cr\u00edtica pol\u00edtica econom\u00eda actualidad","slug":"anaya-viaje-japon-andy-lopez-beltran-austeridad-morena-critica-politica-economia-actualidad","taxonomy":"post_tag","meta":[],"_links":{"self":[{"href":"https:\/\/dimensionturistica.com\/es\/wp-json\/wp\/v2\/tags\/240802","targetHints":{"allow":["GET"]}}],"collection":[{"href":"https:\/\/dimensionturistica.com\/es\/wp-json\/wp\/v2\/tags"}],"about":[{"href":"https:\/\/dimensionturistica.com\/es\/wp-json\/wp\/v2\/taxonomies\/post_tag"}],"wp:post_type":[{"href":"https:\/\/dimensionturistica.com\/es\/wp-json\/wp\/v2\/posts?tags=240802"}],"curies":[{"name":"wp","href":"https:\/\/api.w.org\/{rel}","templated":true}]}}