{"id":240745,"count":1,"description":"","link":"https:\/\/dimensionturistica.com\/es\/tag\/juicio-cabecilla-red-de-viajes-ilegales-las-bahamas-crimen-trafico-humano-justicia-investigacion-seguridad-fronteriza-inmigracion\/","name":"juicio cabecilla red de viajes ilegales Las Bahamas crimen tr\u00e1fico humano justicia investigaci\u00f3n seguridad fronteriza inmigraci\u00f3n","slug":"juicio-cabecilla-red-de-viajes-ilegales-las-bahamas-crimen-trafico-humano-justicia-investigacion-seguridad-fronteriza-inmigracion","taxonomy":"post_tag","meta":[],"_links":{"self":[{"href":"https:\/\/dimensionturistica.com\/es\/wp-json\/wp\/v2\/tags\/240745","targetHints":{"allow":["GET"]}}],"collection":[{"href":"https:\/\/dimensionturistica.com\/es\/wp-json\/wp\/v2\/tags"}],"about":[{"href":"https:\/\/dimensionturistica.com\/es\/wp-json\/wp\/v2\/taxonomies\/post_tag"}],"wp:post_type":[{"href":"https:\/\/dimensionturistica.com\/es\/wp-json\/wp\/v2\/posts?tags=240745"}],"curies":[{"name":"wp","href":"https:\/\/api.w.org\/{rel}","templated":true}]}}