{"id":240626,"count":1,"description":"","link":"https:\/\/dimensionturistica.com\/es\/tag\/turismo-noticias-agentes-de-viaje-profesional-viajes-industria-turistica-informacion-actualidad-sector-turistico-desarrollo-profesional\/","name":"turismo noticias agentes de viaje profesional viajes industria tur\u00edstica informaci\u00f3n actualidad sector tur\u00edstico desarrollo profesional","slug":"turismo-noticias-agentes-de-viaje-profesional-viajes-industria-turistica-informacion-actualidad-sector-turistico-desarrollo-profesional","taxonomy":"post_tag","meta":[],"_links":{"self":[{"href":"https:\/\/dimensionturistica.com\/es\/wp-json\/wp\/v2\/tags\/240626","targetHints":{"allow":["GET"]}}],"collection":[{"href":"https:\/\/dimensionturistica.com\/es\/wp-json\/wp\/v2\/tags"}],"about":[{"href":"https:\/\/dimensionturistica.com\/es\/wp-json\/wp\/v2\/taxonomies\/post_tag"}],"wp:post_type":[{"href":"https:\/\/dimensionturistica.com\/es\/wp-json\/wp\/v2\/posts?tags=240626"}],"curies":[{"name":"wp","href":"https:\/\/api.w.org\/{rel}","templated":true}]}}