{"id":238950,"count":1,"description":"","link":"https:\/\/dimensionturistica.com\/es\/tag\/turismo-noticias-agente-de-viajes-sector-turistico-profesional-del-turismo-novedades-informacion-turistica-viajes-industria-del-turismo-tendencias-turisticos\/","name":"turismo noticias agente de viajes sector tur\u00edstico profesional del turismo novedades informaci\u00f3n tur\u00edstica viajes industria del turismo tendencias tur\u00edsticos","slug":"turismo-noticias-agente-de-viajes-sector-turistico-profesional-del-turismo-novedades-informacion-turistica-viajes-industria-del-turismo-tendencias-turisticos","taxonomy":"post_tag","meta":[],"_links":{"self":[{"href":"https:\/\/dimensionturistica.com\/es\/wp-json\/wp\/v2\/tags\/238950","targetHints":{"allow":["GET"]}}],"collection":[{"href":"https:\/\/dimensionturistica.com\/es\/wp-json\/wp\/v2\/tags"}],"about":[{"href":"https:\/\/dimensionturistica.com\/es\/wp-json\/wp\/v2\/taxonomies\/post_tag"}],"wp:post_type":[{"href":"https:\/\/dimensionturistica.com\/es\/wp-json\/wp\/v2\/posts?tags=238950"}],"curies":[{"name":"wp","href":"https:\/\/api.w.org\/{rel}","templated":true}]}}