{"id":238854,"count":1,"description":"","link":"https:\/\/dimensionturistica.com\/es\/tag\/comision-europea-consulta-publica-actualizacion-normas-de-iva-viajes-turismo-legislacion-europea-economia-politicas-fiscales-sector-turistico\/","name":"Comisi\u00f3n Europea consulta p\u00fablica actualizaci\u00f3n normas de IVA viajes turismo legislaci\u00f3n europea econom\u00eda pol\u00edticas fiscales sector tur\u00edstico","slug":"comision-europea-consulta-publica-actualizacion-normas-de-iva-viajes-turismo-legislacion-europea-economia-politicas-fiscales-sector-turistico","taxonomy":"post_tag","meta":[],"_links":{"self":[{"href":"https:\/\/dimensionturistica.com\/es\/wp-json\/wp\/v2\/tags\/238854","targetHints":{"allow":["GET"]}}],"collection":[{"href":"https:\/\/dimensionturistica.com\/es\/wp-json\/wp\/v2\/tags"}],"about":[{"href":"https:\/\/dimensionturistica.com\/es\/wp-json\/wp\/v2\/taxonomies\/post_tag"}],"wp:post_type":[{"href":"https:\/\/dimensionturistica.com\/es\/wp-json\/wp\/v2\/posts?tags=238854"}],"curies":[{"name":"wp","href":"https:\/\/api.w.org\/{rel}","templated":true}]}}