{"id":238715,"count":1,"description":"","link":"https:\/\/dimensionturistica.com\/es\/tag\/turismo-noticias-agentes-de-viajes-sector-turistico-actualidad-profesionales-del-turismo-informacion-tendencias-de-viaje-viajes-mercado-turistico\/","name":"turismo noticias agentes de viajes sector tur\u00edstico actualidad profesionales del turismo informaci\u00f3n tendencias de viaje viajes mercado tur\u00edstico","slug":"turismo-noticias-agentes-de-viajes-sector-turistico-actualidad-profesionales-del-turismo-informacion-tendencias-de-viaje-viajes-mercado-turistico","taxonomy":"post_tag","meta":[],"_links":{"self":[{"href":"https:\/\/dimensionturistica.com\/es\/wp-json\/wp\/v2\/tags\/238715","targetHints":{"allow":["GET"]}}],"collection":[{"href":"https:\/\/dimensionturistica.com\/es\/wp-json\/wp\/v2\/tags"}],"about":[{"href":"https:\/\/dimensionturistica.com\/es\/wp-json\/wp\/v2\/taxonomies\/post_tag"}],"wp:post_type":[{"href":"https:\/\/dimensionturistica.com\/es\/wp-json\/wp\/v2\/posts?tags=238715"}],"curies":[{"name":"wp","href":"https:\/\/api.w.org\/{rel}","templated":true}]}}