{"id":237836,"count":1,"description":"","link":"https:\/\/dimensionturistica.com\/es\/tag\/turismo-noticias-agente-de-viajes-sector-turistico-profesionales-del-turismo-tendencias-de-viaje-informacion-turistica-mercado-turistico-noticias-del-sector\/","name":"turismo noticias agente de viajes sector tur\u00edstico profesionales del turismo tendencias de viaje informaci\u00f3n tur\u00edstica mercado tur\u00edstico noticias del sector","slug":"turismo-noticias-agente-de-viajes-sector-turistico-profesionales-del-turismo-tendencias-de-viaje-informacion-turistica-mercado-turistico-noticias-del-sector","taxonomy":"post_tag","meta":[],"_links":{"self":[{"href":"https:\/\/dimensionturistica.com\/es\/wp-json\/wp\/v2\/tags\/237836","targetHints":{"allow":["GET"]}}],"collection":[{"href":"https:\/\/dimensionturistica.com\/es\/wp-json\/wp\/v2\/tags"}],"about":[{"href":"https:\/\/dimensionturistica.com\/es\/wp-json\/wp\/v2\/taxonomies\/post_tag"}],"wp:post_type":[{"href":"https:\/\/dimensionturistica.com\/es\/wp-json\/wp\/v2\/posts?tags=237836"}],"curies":[{"name":"wp","href":"https:\/\/api.w.org\/{rel}","templated":true}]}}