{"id":233517,"count":1,"description":"","link":"https:\/\/dimensionturistica.com\/es\/tag\/turismo-noticias-agencia-de-viajes-profesionales-del-turismo-viajes-actualidad-turistica-sector-turistico-informacion-turistica-tendencias-de-viajes-servicios-turisticos\/","name":"Turismo Noticias Agencia de viajes Profesionales del turismo Viajes Actualidad tur\u00edstica Sector tur\u00edstico Informaci\u00f3n tur\u00edstica Tendencias de viajes Servicios tur\u00edsticos","slug":"turismo-noticias-agencia-de-viajes-profesionales-del-turismo-viajes-actualidad-turistica-sector-turistico-informacion-turistica-tendencias-de-viajes-servicios-turisticos","taxonomy":"post_tag","meta":[],"_links":{"self":[{"href":"https:\/\/dimensionturistica.com\/es\/wp-json\/wp\/v2\/tags\/233517","targetHints":{"allow":["GET"]}}],"collection":[{"href":"https:\/\/dimensionturistica.com\/es\/wp-json\/wp\/v2\/tags"}],"about":[{"href":"https:\/\/dimensionturistica.com\/es\/wp-json\/wp\/v2\/taxonomies\/post_tag"}],"wp:post_type":[{"href":"https:\/\/dimensionturistica.com\/es\/wp-json\/wp\/v2\/posts?tags=233517"}],"curies":[{"name":"wp","href":"https:\/\/api.w.org\/{rel}","templated":true}]}}