{"id":232531,"count":1,"description":"","link":"https:\/\/dimensionturistica.com\/es\/tag\/eau-politicas-de-verano-viajes-sin-visa-trabajo-remoto-turismo-vacaciones-regulacion-expatriados-economia-novedades\/","name":"EAU pol\u00edticas de verano viajes sin visa trabajo remoto turismo vacaciones regulaci\u00f3n expatriados econom\u00eda novedades","slug":"eau-politicas-de-verano-viajes-sin-visa-trabajo-remoto-turismo-vacaciones-regulacion-expatriados-economia-novedades","taxonomy":"post_tag","meta":[],"_links":{"self":[{"href":"https:\/\/dimensionturistica.com\/es\/wp-json\/wp\/v2\/tags\/232531","targetHints":{"allow":["GET"]}}],"collection":[{"href":"https:\/\/dimensionturistica.com\/es\/wp-json\/wp\/v2\/tags"}],"about":[{"href":"https:\/\/dimensionturistica.com\/es\/wp-json\/wp\/v2\/taxonomies\/post_tag"}],"wp:post_type":[{"href":"https:\/\/dimensionturistica.com\/es\/wp-json\/wp\/v2\/posts?tags=232531"}],"curies":[{"name":"wp","href":"https:\/\/api.w.org\/{rel}","templated":true}]}}