{"id":231976,"count":1,"description":"","link":"https:\/\/dimensionturistica.com\/es\/tag\/turismo-noticias-profesionales-viajes-industria-turistica-agentes-de-viajes-tendencias-turisticas-informacion-actualidad-mercado-turistico\/","name":"turismo noticias profesionales viajes industria tur\u00edstica agentes de viajes tendencias tur\u00edsticas informaci\u00f3n actualidad mercado tur\u00edstico","slug":"turismo-noticias-profesionales-viajes-industria-turistica-agentes-de-viajes-tendencias-turisticas-informacion-actualidad-mercado-turistico","taxonomy":"post_tag","meta":[],"_links":{"self":[{"href":"https:\/\/dimensionturistica.com\/es\/wp-json\/wp\/v2\/tags\/231976","targetHints":{"allow":["GET"]}}],"collection":[{"href":"https:\/\/dimensionturistica.com\/es\/wp-json\/wp\/v2\/tags"}],"about":[{"href":"https:\/\/dimensionturistica.com\/es\/wp-json\/wp\/v2\/taxonomies\/post_tag"}],"wp:post_type":[{"href":"https:\/\/dimensionturistica.com\/es\/wp-json\/wp\/v2\/posts?tags=231976"}],"curies":[{"name":"wp","href":"https:\/\/api.w.org\/{rel}","templated":true}]}}