{"id":228599,"count":1,"description":"","link":"https:\/\/dimensionturistica.com\/es\/tag\/turismo-noticias-agentes-de-viaje-profesionales-del-turismo-agencia-de-viajes-industria-turistica-informacion-turistica-tendencias-del-turismo-viajes-mercado-turistico\/","name":"Turismo Noticias Agentes de viaje Profesionales del turismo Agencia de viajes Industria tur\u00edstica Informaci\u00f3n tur\u00edstica Tendencias del turismo Viajes Mercado tur\u00edstico","slug":"turismo-noticias-agentes-de-viaje-profesionales-del-turismo-agencia-de-viajes-industria-turistica-informacion-turistica-tendencias-del-turismo-viajes-mercado-turistico","taxonomy":"post_tag","meta":[],"_links":{"self":[{"href":"https:\/\/dimensionturistica.com\/es\/wp-json\/wp\/v2\/tags\/228599","targetHints":{"allow":["GET"]}}],"collection":[{"href":"https:\/\/dimensionturistica.com\/es\/wp-json\/wp\/v2\/tags"}],"about":[{"href":"https:\/\/dimensionturistica.com\/es\/wp-json\/wp\/v2\/taxonomies\/post_tag"}],"wp:post_type":[{"href":"https:\/\/dimensionturistica.com\/es\/wp-json\/wp\/v2\/posts?tags=228599"}],"curies":[{"name":"wp","href":"https:\/\/api.w.org\/{rel}","templated":true}]}}