{"id":227824,"count":1,"description":"","link":"https:\/\/dimensionturistica.com\/es\/tag\/turismo-noticias-agentes-de-viaje-profesionales-tendencias-industria-turistica-informacion-viajes-sector-turistico-actualizaciones\/","name":"turismo noticias agentes de viaje profesionales tendencias industria tur\u00edstica informaci\u00f3n viajes sector tur\u00edstico actualizaciones","slug":"turismo-noticias-agentes-de-viaje-profesionales-tendencias-industria-turistica-informacion-viajes-sector-turistico-actualizaciones","taxonomy":"post_tag","meta":[],"_links":{"self":[{"href":"https:\/\/dimensionturistica.com\/es\/wp-json\/wp\/v2\/tags\/227824","targetHints":{"allow":["GET"]}}],"collection":[{"href":"https:\/\/dimensionturistica.com\/es\/wp-json\/wp\/v2\/tags"}],"about":[{"href":"https:\/\/dimensionturistica.com\/es\/wp-json\/wp\/v2\/taxonomies\/post_tag"}],"wp:post_type":[{"href":"https:\/\/dimensionturistica.com\/es\/wp-json\/wp\/v2\/posts?tags=227824"}],"curies":[{"name":"wp","href":"https:\/\/api.w.org\/{rel}","templated":true}]}}