{"id":227505,"count":1,"description":"","link":"https:\/\/dimensionturistica.com\/es\/tag\/turismo-noticias-agentes-de-viaje-profesionales-del-turismo-industria-turistica-actualidad-viajes-sector-turistico-informacion-tendencias\/","name":"Turismo Noticias Agentes de viaje Profesionales del turismo Industria tur\u00edstica Actualidad Viajes Sector tur\u00edstico Informaci\u00f3n Tendencias","slug":"turismo-noticias-agentes-de-viaje-profesionales-del-turismo-industria-turistica-actualidad-viajes-sector-turistico-informacion-tendencias","taxonomy":"post_tag","meta":[],"_links":{"self":[{"href":"https:\/\/dimensionturistica.com\/es\/wp-json\/wp\/v2\/tags\/227505","targetHints":{"allow":["GET"]}}],"collection":[{"href":"https:\/\/dimensionturistica.com\/es\/wp-json\/wp\/v2\/tags"}],"about":[{"href":"https:\/\/dimensionturistica.com\/es\/wp-json\/wp\/v2\/taxonomies\/post_tag"}],"wp:post_type":[{"href":"https:\/\/dimensionturistica.com\/es\/wp-json\/wp\/v2\/posts?tags=227505"}],"curies":[{"name":"wp","href":"https:\/\/api.w.org\/{rel}","templated":true}]}}