{"id":226769,"count":1,"description":"","link":"https:\/\/dimensionturistica.com\/es\/tag\/turismo-noticias-agentes-de-viajes-viajes-profesionales-del-turismo-actualidad-sector-turistico-informacion-tendencias-servicios-turisticos\/","name":"Turismo Noticias Agentes de viajes Viajes Profesionales del turismo Actualidad Sector tur\u00edstico Informaci\u00f3n Tendencias Servicios tur\u00edsticos","slug":"turismo-noticias-agentes-de-viajes-viajes-profesionales-del-turismo-actualidad-sector-turistico-informacion-tendencias-servicios-turisticos","taxonomy":"post_tag","meta":[],"_links":{"self":[{"href":"https:\/\/dimensionturistica.com\/es\/wp-json\/wp\/v2\/tags\/226769","targetHints":{"allow":["GET"]}}],"collection":[{"href":"https:\/\/dimensionturistica.com\/es\/wp-json\/wp\/v2\/tags"}],"about":[{"href":"https:\/\/dimensionturistica.com\/es\/wp-json\/wp\/v2\/taxonomies\/post_tag"}],"wp:post_type":[{"href":"https:\/\/dimensionturistica.com\/es\/wp-json\/wp\/v2\/posts?tags=226769"}],"curies":[{"name":"wp","href":"https:\/\/api.w.org\/{rel}","templated":true}]}}