{"id":225472,"count":1,"description":"","link":"https:\/\/dimensionturistica.com\/es\/tag\/turismo-noticias-agentes-de-viaje-industria-turistica-tendencias-viajes-profesional-del-turismo-actualidad-informacion-servicios-turisticos\/","name":"turismo noticias agentes de viaje industria tur\u00edstica tendencias viajes profesional del turismo actualidad informaci\u00f3n servicios tur\u00edsticos","slug":"turismo-noticias-agentes-de-viaje-industria-turistica-tendencias-viajes-profesional-del-turismo-actualidad-informacion-servicios-turisticos","taxonomy":"post_tag","meta":[],"_links":{"self":[{"href":"https:\/\/dimensionturistica.com\/es\/wp-json\/wp\/v2\/tags\/225472","targetHints":{"allow":["GET"]}}],"collection":[{"href":"https:\/\/dimensionturistica.com\/es\/wp-json\/wp\/v2\/tags"}],"about":[{"href":"https:\/\/dimensionturistica.com\/es\/wp-json\/wp\/v2\/taxonomies\/post_tag"}],"wp:post_type":[{"href":"https:\/\/dimensionturistica.com\/es\/wp-json\/wp\/v2\/posts?tags=225472"}],"curies":[{"name":"wp","href":"https:\/\/api.w.org\/{rel}","templated":true}]}}