{"id":225163,"count":1,"description":"","link":"https:\/\/dimensionturistica.com\/es\/tag\/turismo-noticias-agentes-de-viajes-sector-turistico-actualidad-turistica-profesionales-del-turismo-tendencias-de-viaje-informacion-del-turismo\/","name":"turismo noticias agentes de viajes sector tur\u00edstico actualidad tur\u00edstica profesionales del turismo tendencias de viaje informaci\u00f3n del turismo","slug":"turismo-noticias-agentes-de-viajes-sector-turistico-actualidad-turistica-profesionales-del-turismo-tendencias-de-viaje-informacion-del-turismo","taxonomy":"post_tag","meta":[],"_links":{"self":[{"href":"https:\/\/dimensionturistica.com\/es\/wp-json\/wp\/v2\/tags\/225163","targetHints":{"allow":["GET"]}}],"collection":[{"href":"https:\/\/dimensionturistica.com\/es\/wp-json\/wp\/v2\/tags"}],"about":[{"href":"https:\/\/dimensionturistica.com\/es\/wp-json\/wp\/v2\/taxonomies\/post_tag"}],"wp:post_type":[{"href":"https:\/\/dimensionturistica.com\/es\/wp-json\/wp\/v2\/posts?tags=225163"}],"curies":[{"name":"wp","href":"https:\/\/api.w.org\/{rel}","templated":true}]}}