{"id":198592,"count":1,"description":"","link":"https:\/\/dimensionturistica.com\/es\/tag\/asi-se-vivio-la-inauguracion-del-alumbrado-navideno-2024-en-cali-la-magia-de-esta-epoca-llego-a-la-sucursal-del-cielo-con-la-tematica-cali-le-canta-a-la-navidad\/","name":"as\u00ed se vivi\u00f3 la inauguraci\u00f3n del alumbrado navide\u00f1o 2024 en cali. la magia de esta \u00e9poca lleg\u00f3 a la sucursal del cielo con la tem\u00e1tica \u2018cali le canta a la navidad\u2019.","slug":"asi-se-vivio-la-inauguracion-del-alumbrado-navideno-2024-en-cali-la-magia-de-esta-epoca-llego-a-la-sucursal-del-cielo-con-la-tematica-cali-le-canta-a-la-navidad","taxonomy":"post_tag","meta":[],"_links":{"self":[{"href":"https:\/\/dimensionturistica.com\/es\/wp-json\/wp\/v2\/tags\/198592","targetHints":{"allow":["GET"]}}],"collection":[{"href":"https:\/\/dimensionturistica.com\/es\/wp-json\/wp\/v2\/tags"}],"about":[{"href":"https:\/\/dimensionturistica.com\/es\/wp-json\/wp\/v2\/taxonomies\/post_tag"}],"wp:post_type":[{"href":"https:\/\/dimensionturistica.com\/es\/wp-json\/wp\/v2\/posts?tags=198592"}],"curies":[{"name":"wp","href":"https:\/\/api.w.org\/{rel}","templated":true}]}}