{"id":189362,"count":1,"description":"","link":"https:\/\/dimensionturistica.com\/es\/tag\/asi-se-vivio-el-fenomeno-meteorologico-desde-un-crucero-en-el-golfo-de-mexico\/","name":"As\u00ed se vivi\u00f3 el fen\u00f3meno meteorol\u00f3gico desde un crucero en el Golfo de M\u00e9xico","slug":"asi-se-vivio-el-fenomeno-meteorologico-desde-un-crucero-en-el-golfo-de-mexico","taxonomy":"post_tag","meta":[],"_links":{"self":[{"href":"https:\/\/dimensionturistica.com\/es\/wp-json\/wp\/v2\/tags\/189362","targetHints":{"allow":["GET"]}}],"collection":[{"href":"https:\/\/dimensionturistica.com\/es\/wp-json\/wp\/v2\/tags"}],"about":[{"href":"https:\/\/dimensionturistica.com\/es\/wp-json\/wp\/v2\/taxonomies\/post_tag"}],"wp:post_type":[{"href":"https:\/\/dimensionturistica.com\/es\/wp-json\/wp\/v2\/posts?tags=189362"}],"curies":[{"name":"wp","href":"https:\/\/api.w.org\/{rel}","templated":true}]}}