{"id":117969,"count":1,"description":"","link":"https:\/\/dimensionturistica.com\/es\/tag\/andalucia-se-encamina-a-su-mejor-ano-turistico-tras-batir-record-de-viajeros-en-verano\/","name":"Andaluc\u00eda se encamina a su mejor a\u00f1o tur\u00edstico tras batir r\u00e9cord de viajeros en verano","slug":"andalucia-se-encamina-a-su-mejor-ano-turistico-tras-batir-record-de-viajeros-en-verano","taxonomy":"post_tag","meta":[],"_links":{"self":[{"href":"https:\/\/dimensionturistica.com\/es\/wp-json\/wp\/v2\/tags\/117969","targetHints":{"allow":["GET"]}}],"collection":[{"href":"https:\/\/dimensionturistica.com\/es\/wp-json\/wp\/v2\/tags"}],"about":[{"href":"https:\/\/dimensionturistica.com\/es\/wp-json\/wp\/v2\/taxonomies\/post_tag"}],"wp:post_type":[{"href":"https:\/\/dimensionturistica.com\/es\/wp-json\/wp\/v2\/posts?tags=117969"}],"curies":[{"name":"wp","href":"https:\/\/api.w.org\/{rel}","templated":true}]}}