{"id":99804,"date":"2021-03-22T09:22:39","date_gmt":"2021-03-22T09:22:39","guid":{"rendered":"https:\/\/dimensionturistica.com\/es\/?p=99804"},"modified":"2021-03-22T09:22:39","modified_gmt":"2021-03-22T09:22:39","slug":"la-ministra-de-turismo-defiende-que-no-se-pueda-viajar-por-espana-pero-si-que-vengan-extranjeros","status":"publish","type":"post","link":"https:\/\/dimensionturistica.com\/es\/la-ministra-de-turismo-defiende-que-no-se-pueda-viajar-por-espana-pero-si-que-vengan-extranjeros\/","title":{"rendered":"La ministra de Turismo defiende que no se pueda viajar por Espa\u00f1a pero s\u00ed que vengan extranjeros"},"content":{"rendered":"<p> <br \/>\n<\/p>\n<div>\n<p>La ministra de Turismo,<strong> Reyes Marto<\/strong>, ha defendido este lunes durante la inauguraci\u00f3n de un foro sobre el futuro del turismo que<strong> no se pueda viajar por Espa\u00f1a para evitar una cuarta ola <\/strong>del coronavirus pero s\u00ed,<strong> que vengan extranjeros de vacaciones <\/strong>&#8220;todos vienen con PCR y eso no se puede garantizar en los viajes en la Pen\u00ednsula&#8221;.<\/p>\n<p>\t<span class=\"smallTitle\">Te puede interesar<\/span><\/p>\n<p>Ha asegurado tambi\u00e9n que la pandemia <strong>&#8220;no puede ser una excusa para volver al modelo tur\u00edstico del pasado&#8221;<\/strong> y ha subrayado que el fondo de recuperaci\u00f3n es <strong>&#8220;una oportunidad \u00fanica para modernizar&#8221;<\/strong> al sector haci\u00e9ndolo m\u00e1s sostenible y digital.<\/p>\n<p>Maroto ha defendido los controles <strong>para restringir la movilidad en Espa\u00f1a<\/strong> &#8220;porque no tenemos la capacidad de control que s\u00ed tenemos con los visitantes que vienen de fuera de la Uni\u00f3n Europea&#8221;<strong> a los que se les exige una PCR negativa.<\/strong> &#8220;La mayor\u00eda de nuestros viajeros internacionales&#8221; <strong>lleg\u00e1n a trav\u00e9s de los aeropuertos,<\/strong> &#8220;lo que nos permite garantizar esa seguridad&#8221;, ha concluido,<\/p>\n<\/p><\/div>\n\n<p><em> &#8221; Fuentes www.elperiodico.com &#8221; <\/em><\/p>\n","protected":false},"excerpt":{"rendered":"<p>La ministra de Turismo, Reyes Marto, ha defendido este lunes durante la inauguraci\u00f3n de un foro sobre el futuro del turismo que no se pueda viajar por Espa\u00f1a para evitar una cuarta ola del coronavirus pero s\u00ed, que vengan extranjeros de vacaciones &#8220;todos vienen con PCR y eso no se puede garantizar en los viajes [&hellip;]<\/p>\n","protected":false},"author":4,"featured_media":99805,"comment_status":"open","ping_status":"closed","sticky":false,"template":"","format":"standard","meta":{"om_disable_all_campaigns":false,"jnews-multi-image_gallery":[],"jnews_single_post":[],"jnews_primary_category":[],"jnews_social_meta":[],"footnotes":""},"categories":[39],"tags":[55],"class_list":["post-99804","post","type-post","status-publish","format-standard","has-post-thumbnail","hentry","category-viajes","tag-coronavirus"],"_links":{"self":[{"href":"https:\/\/dimensionturistica.com\/es\/wp-json\/wp\/v2\/posts\/99804","targetHints":{"allow":["GET"]}}],"collection":[{"href":"https:\/\/dimensionturistica.com\/es\/wp-json\/wp\/v2\/posts"}],"about":[{"href":"https:\/\/dimensionturistica.com\/es\/wp-json\/wp\/v2\/types\/post"}],"author":[{"embeddable":true,"href":"https:\/\/dimensionturistica.com\/es\/wp-json\/wp\/v2\/users\/4"}],"replies":[{"embeddable":true,"href":"https:\/\/dimensionturistica.com\/es\/wp-json\/wp\/v2\/comments?post=99804"}],"version-history":[{"count":0,"href":"https:\/\/dimensionturistica.com\/es\/wp-json\/wp\/v2\/posts\/99804\/revisions"}],"wp:featuredmedia":[{"embeddable":true,"href":"https:\/\/dimensionturistica.com\/es\/wp-json\/wp\/v2\/media\/99805"}],"wp:attachment":[{"href":"https:\/\/dimensionturistica.com\/es\/wp-json\/wp\/v2\/media?parent=99804"}],"wp:term":[{"taxonomy":"category","embeddable":true,"href":"https:\/\/dimensionturistica.com\/es\/wp-json\/wp\/v2\/categories?post=99804"},{"taxonomy":"post_tag","embeddable":true,"href":"https:\/\/dimensionturistica.com\/es\/wp-json\/wp\/v2\/tags?post=99804"}],"curies":[{"name":"wp","href":"https:\/\/api.w.org\/{rel}","templated":true}]}}