{"id":997914,"date":"2025-06-23T17:02:49","date_gmt":"2025-06-23T17:02:49","guid":{"rendered":"https:\/\/dimensionturistica.com\/es\/?p=997914"},"modified":"2025-06-23T17:02:49","modified_gmt":"2025-06-23T17:02:49","slug":"selena-gomez-sorprende-con-un-nuevo-look-flequillo-y-rizos-perfectos-para-el-verano-2025","status":"publish","type":"post","link":"https:\/\/dimensionturistica.com\/es\/selena-gomez-sorprende-con-un-nuevo-look-flequillo-y-rizos-perfectos-para-el-verano-2025\/","title":{"rendered":"Selena Gomez sorprende con un nuevo look: flequillo y rizos perfectos para el verano 2025"},"content":{"rendered":"<h3>Tendencias de Estilo: El Fleco Perfecto para Este Verano<\/h3>\n<p>A medida que el verano 2025 se aproxima, las tendencias de belleza y estilo comienzan a tomar protagonismo, y es que, nada como un cambio de look para sentirnos renovados y listos para las aventuras que nos esperan. Este a\u00f1o, uno de los estilos m\u00e1s comentados en redes sociales es, sin duda, el famoso fleco, impulsado por iconos de la m\u00fasica y la moda que han sabido llevarlo con elegancia y frescura. <\/p>\n<p>El fleco es un corte vers\u00e1til que puede adaptarse a diferentes tipos de rostros y estilos, convirti\u00e9ndose en el aliado perfecto para quienes buscan un cambio sutil pero impactante. Atr\u00e9vete a experimentar con este estilo que no solo enmarca el rostro, sino que tambi\u00e9n a\u00f1ade un toque de dinamismo a tu look veraniego.<\/p>\n<h4>\u00bfC\u00f3mo Llevarlo?<\/h4>\n<p>El fleco puede tener m\u00faltiples versiones, desde uno recto y contundente hasta opciones m\u00e1s desfiladas que a\u00f1aden movimiento y fluidez. Si optas por un fleco m\u00e1s corto, tu look se ver\u00e1 moderno y fresco, ideal para aquellas que buscan un estilo audaz. Por otro lado, un fleco largo puede proporcionar una imagen m\u00e1s bohemia y rom\u00e1ntica, perfecta para un d\u00eda en la playa o una noche de verano.<\/p>\n<p>El truco est\u00e1 en considerar la forma de tu rostro: un fleco m\u00e1s recto es ideal para rostros ovalados, mientras que los rostros cuadrados se benefician de un fleco desfilado que suaviza las l\u00edneas. Adem\u00e1s, no olvides que la textura de tu cabello tambi\u00e9n jugar\u00e1 un rol importante. Si tienes cabello rizado, un fleco m\u00e1s ligero puede ayudarte a destacar tus ondas naturales, mientras que un cabello liso permite experimentar con flecos m\u00e1s dram\u00e1ticos.<\/p>\n<h4>C\u00f3mo Estilizarlo<\/h4>\n<p>La clave para mantener un fleco impecable es saber estilizarlo adecuadamente. Con la llegada del calor, es recomendable optar por productos de fijaci\u00f3n ligera que te permitan mantener la forma sin apelmazar el cabello. Adem\u00e1s, un poco de spray texturizador puede a\u00f1adir ese toque de volumen que hace que tu look resalte. <\/p>\n<p>Los accesorios son un complemento perfecto para este estilo. Diademas, ganchos o pinzas pueden sumar un toque personal y chic a tu fleco, permiti\u00e9ndote jugar con diferentes estilos a lo largo de la temporada.<\/p>\n<h4>Destinos que Inspiran Con Estilo<\/h4>\n<p>Una vez que hayas decidido renovar tu look con un fleco, \u00bfpor qu\u00e9 no aprovechar la oportunidad para visitar lugares que inspiren tu nueva imagen? Ciudades como Barcelona, con su vibrante escena art\u00edstica y sus hermosos paisajes urbanos, son el escenario ideal para lucir tu nueva melena. O tal vez unas vacaciones en Tulum, donde el ambiente bohemio y relajado se combina a la perfecci\u00f3n con un estilo fresco y desenfadado.<\/p>\n<p>Explorar nuevos destinos no solo te permitir\u00e1 lucir tu nuevo look, sino que tambi\u00e9n te brindar\u00e1 la oportunidad de capturar momentos inolvidables rodeado de belleza y cultura. <\/p>\n<h4>Conclusi\u00f3n<\/h4>\n<p>Este verano, el fleco se consolida como la tendencia estrella que no querr\u00e1s pasar por alto. Ya sea que optes por un estilo atrevido o uno m\u00e1s suave, lo importante es que elijas un corte que te haga sentir aut\u00e9ntico y lleno de energ\u00eda. No olvides que con cada viaje, cada encuentro y cada nueva experiencia, tu fleco ser\u00e1 el reflejo de tu aventura. \u00a1As\u00ed que adelante, da el paso y bienvenido el verano!<\/p>\n<p><em> &#8221; Sources www.vogue.mx &#8221; <\/em><\/p>\n<p><em> &#8221; Fuentes www.vogue.mx &#8221; <\/em><\/p>\n","protected":false},"excerpt":{"rendered":"<p>Tendencias de Estilo: El Fleco Perfecto para Este Verano A medida que el verano 2025 se aproxima, las tendencias de belleza y estilo comienzan a tomar protagonismo, y es que, nada como un cambio de look para sentirnos renovados y listos para las aventuras que nos esperan. Este a\u00f1o, uno de los estilos m\u00e1s comentados [&hellip;]<\/p>\n","protected":false},"author":4,"featured_media":997915,"comment_status":"open","ping_status":"closed","sticky":false,"template":"","format":"standard","meta":{"om_disable_all_campaigns":false,"jnews-multi-image_gallery":[],"jnews_single_post":[],"jnews_primary_category":[],"jnews_social_meta":[],"footnotes":""},"categories":[144872],"tags":[3381,201310,200508,7758,231236,93136,659,207575,200334,221043,101300,2182,116229],"class_list":["post-997914","post","type-post","status-publish","format-standard","has-post-thumbnail","hentry","category-fashion","tag-belleza","tag-corte-de-cabello","tag-cortes-de-cabello","tag-estilo","tag-fleco","tag-flecos","tag-moda","tag-nuevo-look","tag-primavera-verano-2025","tag-rizado","tag-selena-gomez","tag-tendencias","tag-verano-2025"],"_links":{"self":[{"href":"https:\/\/dimensionturistica.com\/es\/wp-json\/wp\/v2\/posts\/997914","targetHints":{"allow":["GET"]}}],"collection":[{"href":"https:\/\/dimensionturistica.com\/es\/wp-json\/wp\/v2\/posts"}],"about":[{"href":"https:\/\/dimensionturistica.com\/es\/wp-json\/wp\/v2\/types\/post"}],"author":[{"embeddable":true,"href":"https:\/\/dimensionturistica.com\/es\/wp-json\/wp\/v2\/users\/4"}],"replies":[{"embeddable":true,"href":"https:\/\/dimensionturistica.com\/es\/wp-json\/wp\/v2\/comments?post=997914"}],"version-history":[{"count":0,"href":"https:\/\/dimensionturistica.com\/es\/wp-json\/wp\/v2\/posts\/997914\/revisions"}],"wp:featuredmedia":[{"embeddable":true,"href":"https:\/\/dimensionturistica.com\/es\/wp-json\/wp\/v2\/media\/997915"}],"wp:attachment":[{"href":"https:\/\/dimensionturistica.com\/es\/wp-json\/wp\/v2\/media?parent=997914"}],"wp:term":[{"taxonomy":"category","embeddable":true,"href":"https:\/\/dimensionturistica.com\/es\/wp-json\/wp\/v2\/categories?post=997914"},{"taxonomy":"post_tag","embeddable":true,"href":"https:\/\/dimensionturistica.com\/es\/wp-json\/wp\/v2\/tags?post=997914"}],"curies":[{"name":"wp","href":"https:\/\/api.w.org\/{rel}","templated":true}]}}