{"id":99772,"date":"2021-03-22T06:43:37","date_gmt":"2021-03-22T06:43:37","guid":{"rendered":"https:\/\/dimensionturistica.com\/es\/?p=99772"},"modified":"2021-03-22T06:43:38","modified_gmt":"2021-03-22T06:43:38","slug":"el-regreso-de-los-cruceros-a-cozumel-ya-tiene-fecha","status":"publish","type":"post","link":"https:\/\/dimensionturistica.com\/es\/el-regreso-de-los-cruceros-a-cozumel-ya-tiene-fecha\/","title":{"rendered":"El regreso de los cruceros a Cozumel ya tiene fecha"},"content":{"rendered":"<p> <br \/>\n<\/p>\n<div property=\"content:encoded\">\n<p>\u00a0<\/p>\n<p>\u00a0<\/p>\n<p>Los seres humanos solemos ver lo que queremos y algo as\u00ed le pas\u00f3 a los habitantes de Cozumel, quienes desde marzo del a\u00f1o pasado han aventurado varios pron\u00f3sticos err\u00f3neos sobre el regreso de los cruceros, pero ya hay un dato cierto.<\/p>\n<p>Ser\u00e1 el 12 de junio cuando Royal Caribbean volver\u00e1 a navegar al Caribe, luego de que ya lo est\u00e9 haciendo en el Mediterr\u00e1neo, partiendo de Israel, y en el Pac\u00edfico teniendo como <i>homeport<\/i> a Singapur.<\/p>\n<p>Ser\u00e1 con el Journey of the Seas, un barco para tres mil 807 pasajeros que fue botado hace 20 a\u00f1os y que transportar\u00e1 a una tripulaci\u00f3n y unos clientes que en su totalidad habr\u00e1n sido ya vacunados contra covid-19.<\/p>\n<p>A pesar de su nombre, no ser\u00e1 una gran aventura la que ofrecer\u00e1 este crucero, pues saldr\u00e1 y regresar\u00e1 a Nassau, en Bahamas, pasar\u00e1 un d\u00eda en Cayo Cocos, la isla privada de la naviera, y despu\u00e9s visitar\u00e1 Cozumel.<\/p>\n<p>En cambio, s\u00ed que ha sido una haza\u00f1a la que han tenido que vivir las navieras desde que la Organizaci\u00f3n Mundial de la Salud (OMS) anunci\u00f3 oficialmente el inicio de la pandemia. Y otra parecida es la que han sufrido los habitantes de Cozumel en los 12 meses que ya han pasado desde que lleg\u00f3 el \u00faltimo crucero.<\/p>\n<p>\u00a0<\/p>\n<ul>\n<li>Pedro Joaqu\u00edn Delbouis, presidente municipal de Cozumel, dijo a esta columna que uno de los factores para incluir a la isla en esta primera ruta de regreso fue la decisi\u00f3n de las autoridades federales, estatales y municipales, de permitir que atracara el MSC Meraviglia al inicio de la pandemia.<\/li>\n<\/ul>\n<p>Tras haber sido rechazado en otros puertos, la isla recibi\u00f3 a este barco por razones humanitarias, gesto reconocido en el mundo de los cruceros.<\/p>\n<p>La venta de reservaciones del Journey of the Seas iniciar\u00e1n el 24 de marzo y Joaqu\u00edn inform\u00f3 que ya hay pl\u00e1ticas con otras dos navieras interesadas en seguir al Royal Caribbean.<\/p>\n<p>\u00a0<\/p>\n<ul>\n<li>\u00a0De los m\u00e1s de 80 mil habitantes que tiene Cozumel, alrededor de 90 por ciento vive del turismo y, de esto \u00faltimos, 70 por ciento obtiene sus ingresos trabajando directa o indirectamente para los cruceros.<\/li>\n<\/ul>\n<p>As\u00ed es que m\u00e1s de 50 mil personas est\u00e1n sufriendo por falta de ingresos.<\/p>\n<p>Un crucero a la semana es casi nada contra las hasta siete operaciones diarias que llegaba a tener Cozumel, el puerto de cruceros m\u00e1s visitado del mundo antes de la pandemia.<\/p>\n<p>La clave es que la maquinaria se pone en marcha otra vez. De hecho, muchos estudios serios hablan de una demanda contenida en el mundo de mucha gente que desea viajar.<\/p>\n<p>\u00a0<\/p>\n<ul>\n<li>\u00a0Semana Santa y Semana de Pascua traen reservaciones anticipadas que se\u00f1alan que por lo menos la ocupaci\u00f3n de los hoteles de Cozumel superar\u00e1 el 50 por ciento, como ya pas\u00f3 con el fin de semana largo de la tercera semana de marzo.<\/li>\n<\/ul>\n<p>Ahora Joaqu\u00edn est\u00e1 trabajando para que todos los involucrados en dar servicio a los cruceristas que llegar\u00e1n en junio lo hagan con acceso gratuito a las pruebas de ant\u00edgenos.<\/p>\n<p>Hoy, sus expectativas son que dentro de un a\u00f1o, en 2022, la normalidad comience a volver a la isla.<\/p>\n<p>\u00a0<\/p>\n<\/div>\n<p><script>      !function(f,b,e,v,n,t,s)      {if(f.fbq)return;n=f.fbq=function(){n.callMethod?      n.callMethod.apply(n,arguments):n.queue.push(arguments)};      if(!f._fbq)f._fbq=n;n.push=n;n.loaded=!0;n.version='2.0';      n.queue=[];t=b.createElement(e);t.async=!0;      t.src=v;s=b.getElementsByTagName(e)[0];      s.parentNode.insertBefore(t,s)}(window, document,'script',      'https:\/\/connect.facebook.net\/en_US\/fbevents.js');      fbq('init', '943506225753010');      fbq('init', '608735732622083');      fbq('track', 'PageView'); <\/script><script>\n        window.fbAsyncInit = function() {\n            FB.init({\n              appId      : '501811079890392',\n              xfbml      : true,\n              version    : 'v3.3'\n            });\n        };\n      (function(d){\n        var js, id = 'facebook-jssdk'; if (d.getElementById(id)) {return;}\n        js = d.createElement('script'); js.id = id; js.async = true;\n        js.src = \"https:\/\/connect.facebook.net\/es_LA\/all.js\";\n        d.getElementsByTagName('head')[0].appendChild(js);\n      }(document));\n  <\/script><br \/>\n<br \/><\/p>\n<p><em> &#8221; Fuentes www.dineroenimagen.com &#8221; <\/em><\/p>\n","protected":false},"excerpt":{"rendered":"<p>\u00a0 \u00a0 Los seres humanos solemos ver lo que queremos y algo as\u00ed le pas\u00f3 a los habitantes de Cozumel, quienes desde marzo del a\u00f1o pasado han aventurado varios pron\u00f3sticos err\u00f3neos sobre el regreso de los cruceros, pero ya hay un dato cierto. Ser\u00e1 el 12 de junio cuando Royal Caribbean volver\u00e1 a navegar al [&hellip;]<\/p>\n","protected":false},"author":4,"featured_media":0,"comment_status":"open","ping_status":"closed","sticky":false,"template":"","format":"standard","meta":{"om_disable_all_campaigns":false,"jnews-multi-image_gallery":[],"jnews_single_post":[],"jnews_primary_category":[],"jnews_social_meta":[],"footnotes":""},"categories":[41],"tags":[20460],"class_list":["post-99772","post","type-post","status-publish","format-standard","hentry","category-cruceros","tag-el-regreso-de-los-cruceros-a-cozumel-ya-tiene-fecha"],"_links":{"self":[{"href":"https:\/\/dimensionturistica.com\/es\/wp-json\/wp\/v2\/posts\/99772","targetHints":{"allow":["GET"]}}],"collection":[{"href":"https:\/\/dimensionturistica.com\/es\/wp-json\/wp\/v2\/posts"}],"about":[{"href":"https:\/\/dimensionturistica.com\/es\/wp-json\/wp\/v2\/types\/post"}],"author":[{"embeddable":true,"href":"https:\/\/dimensionturistica.com\/es\/wp-json\/wp\/v2\/users\/4"}],"replies":[{"embeddable":true,"href":"https:\/\/dimensionturistica.com\/es\/wp-json\/wp\/v2\/comments?post=99772"}],"version-history":[{"count":0,"href":"https:\/\/dimensionturistica.com\/es\/wp-json\/wp\/v2\/posts\/99772\/revisions"}],"wp:attachment":[{"href":"https:\/\/dimensionturistica.com\/es\/wp-json\/wp\/v2\/media?parent=99772"}],"wp:term":[{"taxonomy":"category","embeddable":true,"href":"https:\/\/dimensionturistica.com\/es\/wp-json\/wp\/v2\/categories?post=99772"},{"taxonomy":"post_tag","embeddable":true,"href":"https:\/\/dimensionturistica.com\/es\/wp-json\/wp\/v2\/tags?post=99772"}],"curies":[{"name":"wp","href":"https:\/\/api.w.org\/{rel}","templated":true}]}}