{"id":997622,"date":"2025-06-23T06:54:16","date_gmt":"2025-06-23T06:54:16","guid":{"rendered":"https:\/\/dimensionturistica.com\/es\/?p=997622"},"modified":"2025-06-23T06:54:16","modified_gmt":"2025-06-23T06:54:16","slug":"actualizaciones-para-el-profesional-del-sector-turistico-46","status":"publish","type":"post","link":"https:\/\/dimensionturistica.com\/es\/actualizaciones-para-el-profesional-del-sector-turistico-46\/","title":{"rendered":"Actualizaciones para el Profesional del Sector Tur\u00edstico"},"content":{"rendered":"<h3>El Verano en Andaluc\u00eda: Expectativas de Crecimiento y Nuevas Oportunidades para el Turismo<\/h3>\n<p>Andaluc\u00eda, una de las joyas del sur de Espa\u00f1a, se apresta a recibir un verano que promete ser a\u00fan m\u00e1s vibrante que el anterior. Las agencias de viajes de la regi\u00f3n anticipan un crecimiento del 2% en comparaci\u00f3n con el verano de 2024, lo que resulta no solo en una se\u00f1al positiva del sector tur\u00edstico, sino tambi\u00e9n en una oportunidad \u00fanica para explorar la riqueza cultural y paisaj\u00edstica de esta comunidad aut\u00f3noma.<\/p>\n<h4>Un Destino en Auge<\/h4>\n<p>Con sus impresionantes paisajes que var\u00edan desde las monta\u00f1as de Sierra Nevada hasta las soleadas playas de la Costa del Sol, Andaluc\u00eda ha demostrado ser un destino resiliente. Las expectativas de crecimiento en la demanda de viajes se atribuyen en parte a la reapertura de fronteras y al aumento de la confianza de los viajeros tras la pandemia. Las agencias han se\u00f1alado un inter\u00e9s renovado, no solo en los cl\u00e1sicos como Sevilla, Granada y M\u00e1laga, sino tambi\u00e9n en destinos menos conocidos que empiezan a tomar protagonismo.<\/p>\n<h4>Innovaci\u00f3n y Sostenibilidad<\/h4>\n<p>La industria tur\u00edstica andaluza no se queda atr\u00e1s en su b\u00fasqueda de adaptarse a las nuevas tendencias. La sostenibilidad se coloca en el centro de la estrategia mediante iniciativas que promueven el turismo responsable. Desde programas de senderismo que respetan el medio ambiente hasta tours gastron\u00f3micos que utilizan productos locales, Andaluc\u00eda se presenta como un modelo a seguir en la b\u00fasqueda de un equilibrio entre el disfrute del turismo y la conservaci\u00f3n de sus recursos naturales.<\/p>\n<h4>Experiencias \u00danicas para Todos<\/h4>\n<p>Los viajeros de este verano pueden esperar una amplia gama de experiencias personalizadas. Las agencias est\u00e1n cada vez m\u00e1s enfocadas en ofrecer paquetes que se adaptan a las preferencias individuales, desde escapadas rom\u00e1nticas hasta aventuras familiares. Talleres de flamenco, rutas por vi\u00f1edos o visitas a festivales locales son solo algunas de las actividades que no solo enriquecen la experiencia del visitante, sino que tambi\u00e9n apoyan a las comunidades locales.<\/p>\n<h4>Preparativos y Proyecciones<\/h4>\n<p>Expertos en turismo han se\u00f1alado que, a pesar de los desaf\u00edos globales, el futuro inmediato del turismo en Andaluc\u00eda es brillante. La regi\u00f3n est\u00e1 trabajando arduamente para proporcionar a los viajeros no solo condiciones \u00f3ptimas de salud y seguridad, sino tambi\u00e9n una atenci\u00f3n al cliente excepcional. Adem\u00e1s, se prev\u00e9 una comercializaci\u00f3n m\u00e1s efectiva a trav\u00e9s de plataformas digitales y redes sociales, facilitando a los visitantes el acceso a informaci\u00f3n relevante y actualizada.<\/p>\n<h4>Conclusi\u00f3n<\/h4>\n<p>El verano de 2024 se presenta como una temporada emblem\u00e1tica para el turismo andaluz. Con proyecciones de crecimiento y un enfoque cada vez m\u00e1s responsable, Andaluc\u00eda no solo invita a visitar sus encantos, sino que tambi\u00e9n se prepara para recibir a un turismo que busca experiencias memorables. Sin duda, este es un momento ideal para descubrir la diversidad y calidez de esta tierra, donde cada rinc\u00f3n cuenta una historia y cada experiencia deja una huella imborrable. As\u00ed que, si est\u00e1s pensando en tu pr\u00f3ximo destino, \u00a1Andaluc\u00eda te espera!<\/p>\n<p><em> &#8221; Sources www.agenttravel.es &#8221; <\/em><\/p>\n<p><em> &#8221; Sources www.agenttravel.es &#8221; <\/em><\/p>\n","protected":false},"excerpt":{"rendered":"<p>El Verano en Andaluc\u00eda: Expectativas de Crecimiento y Nuevas Oportunidades para el Turismo Andaluc\u00eda, una de las joyas del sur de Espa\u00f1a, se apresta a recibir un verano que promete ser a\u00fan m\u00e1s vibrante que el anterior. Las agencias de viajes de la regi\u00f3n anticipan un crecimiento del 2% en comparaci\u00f3n con el verano de [&hellip;]<\/p>\n","protected":false},"author":4,"featured_media":996043,"comment_status":"open","ping_status":"closed","sticky":false,"template":"","format":"standard","meta":{"om_disable_all_campaigns":false,"jnews-multi-image_gallery":[],"jnews_single_post":[],"jnews_primary_category":[],"jnews_social_meta":[],"footnotes":""},"categories":[40],"tags":[569,21191,9288,47338,47339,715,1289,47340,39936,6942,21552,47337,773,26265,5794,18737,2182,231138,1488],"class_list":["post-997622","post","type-post","status-publish","format-standard","has-post-thumbnail","hentry","category-industria","tag-agencias-de-viajes","tag-agente-de-viajes","tag-companias-aereas","tag-diario-de-turismo","tag-diario-turistico","tag-economia","tag-hoteles","tag-informacion-de-turismo","tag-informacion-turistica","tag-mayoristas","tag-noticias-de-turismo","tag-noticias-turisticas","tag-opinion","tag-rent-a-car","tag-sector-aereo","tag-seguros-de-viaje","tag-tendencias","tag-turismo-noticias-profesional-viajes-industria-agentes-de-viaje-actualizar-tendencias-servicios-turisticos-informacion","tag-turoperadores"],"_links":{"self":[{"href":"https:\/\/dimensionturistica.com\/es\/wp-json\/wp\/v2\/posts\/997622","targetHints":{"allow":["GET"]}}],"collection":[{"href":"https:\/\/dimensionturistica.com\/es\/wp-json\/wp\/v2\/posts"}],"about":[{"href":"https:\/\/dimensionturistica.com\/es\/wp-json\/wp\/v2\/types\/post"}],"author":[{"embeddable":true,"href":"https:\/\/dimensionturistica.com\/es\/wp-json\/wp\/v2\/users\/4"}],"replies":[{"embeddable":true,"href":"https:\/\/dimensionturistica.com\/es\/wp-json\/wp\/v2\/comments?post=997622"}],"version-history":[{"count":0,"href":"https:\/\/dimensionturistica.com\/es\/wp-json\/wp\/v2\/posts\/997622\/revisions"}],"wp:featuredmedia":[{"embeddable":true,"href":"https:\/\/dimensionturistica.com\/es\/wp-json\/wp\/v2\/media\/996043"}],"wp:attachment":[{"href":"https:\/\/dimensionturistica.com\/es\/wp-json\/wp\/v2\/media?parent=997622"}],"wp:term":[{"taxonomy":"category","embeddable":true,"href":"https:\/\/dimensionturistica.com\/es\/wp-json\/wp\/v2\/categories?post=997622"},{"taxonomy":"post_tag","embeddable":true,"href":"https:\/\/dimensionturistica.com\/es\/wp-json\/wp\/v2\/tags?post=997622"}],"curies":[{"name":"wp","href":"https:\/\/api.w.org\/{rel}","templated":true}]}}