{"id":99760,"date":"2021-03-22T05:26:21","date_gmt":"2021-03-22T05:26:21","guid":{"rendered":"https:\/\/dimensionturistica.com\/es\/?p=99760"},"modified":"2021-03-22T05:26:21","modified_gmt":"2021-03-22T05:26:21","slug":"en-junio-llega-primer-crucero-a-mexico-de-royal-caribbean","status":"publish","type":"post","link":"https:\/\/dimensionturistica.com\/es\/en-junio-llega-primer-crucero-a-mexico-de-royal-caribbean\/","title":{"rendered":"En junio llega primer crucero a M\u00e9xico de Royal Caribbean"},"content":{"rendered":"<p> <br \/>\n<\/p>\n<div>\n<p><img decoding=\"async\" class=\"aligncenter wp-image-151237 size-full\" src=\"https:\/\/dimensionturistica.com\/es\/wp-content\/uploads\/2021\/03\/En-junio-llega-primer-crucero-a-Mexico-de-Royal-Caribbean.jpeg\" alt=\"\" width=\"640\" height=\"359\" \/><\/p>\n<p>Ser\u00e1 en Cozumel en donde la industria de los Cruceros comience su reactivaci\u00f3n en M\u00e9xico, as\u00ed lo dio a conocer el Presidente Municipal de la isla, Pedro Joaqu\u00edn Delbouis, despu\u00e9s de que Royal Carribean, anunciara que a partir del\u00a0 12 de junio mantendr\u00e1 una serie de nuevos itinerarios de 7 noches saliendo de Nassau la capital de Bahamas, para recorrer CocoBay -su isla privada-,\u00a0la isla Gran Bahama, Las Bahamas y Cozumel, a bordo del\u00a0 Journey Of the Seas.<\/p>\n<p>Con el anuncio de la llegada de Royal Caribbean para el mes de junio, Cozumel se convierte en el primer puerto de M\u00e9xico y el Caribe en estar pr\u00f3ximo a recibir cruceros, dijo Delbouis.<\/p>\n<p>En tanto\u00a0Michael Bayley, presidente y director ejecutivo de Royal Caribbean Worldwide, destac\u00f3 la\u00a0relaci\u00f3n duradera y exitosa que han tenido con M\u00e9xico, por lo que agradeci\u00f3 la colaboraci\u00f3n y el apoyo del alcalde Pedro Joaqu\u00edn y del Gobierno del estado de Quintana Roo al frente de Carlos Joaqu\u00edn Gonz\u00e1lez.<\/p>\n<p>Bayley mostr\u00f3 su benepl\u00e1cito ante el anuncio de volver a ofrecer a sus pasajeros unas vacaciones inolvidables por el Caribe, de forma gradual y segura. Destac\u00f3 que las\u00a0 vacunas traer\u00e1n un cambio en el panorama de los viajes, lo cual se multiplicar\u00e1 conforme avance la vacunaci\u00f3n y el n\u00famero de vacunados. Se\u00f1al\u00f3 que en Royal Caribbean creen que\u00a0 comenzar con cruceros para hu\u00e9spedes adultos vacunados y tripulaci\u00f3n es la elecci\u00f3n correcta. \u201cA medida que avanzamos, contamos con que este requisito y otras medidas que estar\u00e1n evolucionando\u201d, dijo.<\/p>\n<p>Asimismo asegur\u00f3, que la oportunidad de tener un puerto base en Las Bahamas es un testimonio de la gran sociedad que mantienen y han mantenido con el gobierno y la gente de esa naci\u00f3n durante m\u00e1s de 50 a\u00f1os.<\/p>\n<p>De acuerdo con lo anunciado la naviera estar\u00e1 abriendo las reservaciones para el pr\u00f3ximo 24 de marzo y a decir de su presidente y director, a partir de agosto, mantendr\u00e1n nuevos itinerarios en embarcaciones que navegar\u00e1n con toda la tripulaci\u00f3n inmunizada y estar\u00e1n disponibles para los adultos ya vacunados contra Covid-19 y menores de 18 a\u00f1os con resultado negativo de SARS-Cov-2.<\/p>\n<p>Esta traves\u00eda se suma al Quantum of the Seas que navega en Singapur y al Odyssey of the Seas que estar\u00e1 navegando desde Haifa, Israel proximamente.<\/p>\n<p>Cabe destacar que los cruceristas deber\u00e1n cumplir con los requisitos de viaje establecidos por Las Bahamas, lo cual incluye un resultado negativo de la prueba de PCR antes de su llegada, y a la llegada del pa\u00eds, as\u00ed como la entrega de formularios de entrada correspondientes.<\/p>\n<p>\u00a0<\/p>\n<p>\u00a0<\/p>\n<p>\u00a0<\/p>\n<p><em>\u00a0<\/em><\/p>\n<p><em>\u00a0<\/em><\/p>\n<p><!-- AddThis Advanced Settings above via filter on the_content --><!-- AddThis Advanced Settings below via filter on the_content --><!-- AddThis Advanced Settings generic via filter on the_content --><!-- AddThis Share Buttons above via filter on the_content --><!-- AddThis Share Buttons below via filter on the_content --><!-- AddThis Share Buttons generic via filter on the_content --><\/div>\n\n<p><em> &#8221; Fuentes www.reportur.com &#8221; <\/em><\/p>\n","protected":false},"excerpt":{"rendered":"<p>Ser\u00e1 en Cozumel en donde la industria de los Cruceros comience su reactivaci\u00f3n en M\u00e9xico, as\u00ed lo dio a conocer el Presidente Municipal de la isla, Pedro Joaqu\u00edn Delbouis, despu\u00e9s de que Royal Carribean, anunciara que a partir del\u00a0 12 de junio mantendr\u00e1 una serie de nuevos itinerarios de 7 noches saliendo de Nassau la [&hellip;]<\/p>\n","protected":false},"author":4,"featured_media":99761,"comment_status":"open","ping_status":"closed","sticky":false,"template":"","format":"standard","meta":{"om_disable_all_campaigns":false,"jnews-multi-image_gallery":[],"jnews_single_post":[],"jnews_primary_category":[],"jnews_social_meta":[],"footnotes":""},"categories":[41],"tags":[],"class_list":["post-99760","post","type-post","status-publish","format-standard","has-post-thumbnail","hentry","category-cruceros"],"_links":{"self":[{"href":"https:\/\/dimensionturistica.com\/es\/wp-json\/wp\/v2\/posts\/99760","targetHints":{"allow":["GET"]}}],"collection":[{"href":"https:\/\/dimensionturistica.com\/es\/wp-json\/wp\/v2\/posts"}],"about":[{"href":"https:\/\/dimensionturistica.com\/es\/wp-json\/wp\/v2\/types\/post"}],"author":[{"embeddable":true,"href":"https:\/\/dimensionturistica.com\/es\/wp-json\/wp\/v2\/users\/4"}],"replies":[{"embeddable":true,"href":"https:\/\/dimensionturistica.com\/es\/wp-json\/wp\/v2\/comments?post=99760"}],"version-history":[{"count":0,"href":"https:\/\/dimensionturistica.com\/es\/wp-json\/wp\/v2\/posts\/99760\/revisions"}],"wp:featuredmedia":[{"embeddable":true,"href":"https:\/\/dimensionturistica.com\/es\/wp-json\/wp\/v2\/media\/99761"}],"wp:attachment":[{"href":"https:\/\/dimensionturistica.com\/es\/wp-json\/wp\/v2\/media?parent=99760"}],"wp:term":[{"taxonomy":"category","embeddable":true,"href":"https:\/\/dimensionturistica.com\/es\/wp-json\/wp\/v2\/categories?post=99760"},{"taxonomy":"post_tag","embeddable":true,"href":"https:\/\/dimensionturistica.com\/es\/wp-json\/wp\/v2\/tags?post=99760"}],"curies":[{"name":"wp","href":"https:\/\/api.w.org\/{rel}","templated":true}]}}