{"id":997314,"date":"2025-06-22T09:14:25","date_gmt":"2025-06-22T09:14:25","guid":{"rendered":"https:\/\/dimensionturistica.com\/es\/?p=997314"},"modified":"2025-06-22T09:14:25","modified_gmt":"2025-06-22T09:14:25","slug":"hailey-bieber-fusiona-dos-tendencias-veraniegas-importantes-y-controversiales-en-un-solo-conjunto","status":"publish","type":"post","link":"https:\/\/dimensionturistica.com\/es\/hailey-bieber-fusiona-dos-tendencias-veraniegas-importantes-y-controversiales-en-un-solo-conjunto\/","title":{"rendered":"Hailey Bieber Fusiona Dos Tendencias Veraniegas Importantes (Y Controversiales) en un Solo Conjunto"},"content":{"rendered":"<h3>Verano de Tendencias: La Combinaci\u00f3n Perfecta para Este 2023<\/h3>\n<p>A medida que los d\u00edas soleados se alargan y las temperaturas suben, el mundo de la moda se encuentra en un constante vaiv\u00e9n de tendencias. Este verano, dos estilos dispares han cobrado protagonismo: los conjuntos de ropa deportiva de est\u00e9tica retro y las siluetas de inspiraci\u00f3n &quot;Y2K&quot;. Pero, \u00bfqu\u00e9 pasar\u00eda si se pudieran fusionar ambos estilos en un solo atuendo? La soluci\u00f3n est\u00e1 m\u00e1s cerca de lo que piensas.<\/p>\n<p>La versatilidad de la moda contempor\u00e1nea permite jugar con diferentes elementos para crear looks \u00fanicos y llamativos. En este sentido, marcar la pauta este verano es cuesti\u00f3n de audacia y creatividad.<\/p>\n<p><strong>La Apuesta por el Confort y la Est\u00e9tica<\/strong><\/p>\n<p>La prenda estrella de esta combinaci\u00f3n son los pantalones cortos de deporte, un cl\u00e1sico de los d\u00edas de verano, que ahora se presentan en versiones atrevidas con colores vibrantes y estampados llamativos. Combinar estas piezas con una blusa o top ajustado puede ayudarte a lograr un look urbano y fresco, ideal tanto para un d\u00eda de paseo por la ciudad como para una reuni\u00f3n casual en una terraza.<\/p>\n<p>El calzado se convierte tambi\u00e9n en un elemento fundamental. Optar por unas zapatillas deportivas de estilo retro no solo a\u00f1ade confort, sino que tambi\u00e9n complementa la est\u00e9tica general del outfit. Adem\u00e1s, unas sandalias chunky pueden ofrecer un giro interesante para quienes buscan un toque m\u00e1s atrevido.<\/p>\n<p><strong>Colores y Estampados que Marcan la Diferencia<\/strong><\/p>\n<p>Los tonos ne\u00f3n, tonos pastel y patrones gr\u00e1ficos ocupan el primer lugar en la paleta de colores de esta temporada. No tengas miedo de experimentar; una mezcla de estos colores en tu ropa puede hacer que resaltes entre la multitud. Las combinaciones m\u00e1s inesperadas pueden transformar lo que podr\u00eda haber sido un look ordinario en algo memorable.<\/p>\n<p><strong>Accesorios: La Guinda del Pastel<\/strong><\/p>\n<p>Finalmente, no subestimes el poder de los accesorios. Gafas de sol grandes, gorros de estilo retro y joyer\u00eda llamativa pueden ser el toque final perfecto para un look que hable por s\u00ed mismo. La elecci\u00f3n de los complementos puede transformar completamente tu vestuario, ayud\u00e1ndote a expresar tu personalidad de una manera \u00fanica.<\/p>\n<p><strong>Conclusi\u00f3n: Tu Verano, Tu Estilo<\/strong><\/p>\n<p>Este verano, la clave es atreverse a mezclar y experimentar. Ya sea que optes por sumar la comodidad de lo deportivo con la nostalgia de los a\u00f1os 2000 o busques un estilo completamente diferente, lo importante es sentirte bien contigo misma. La moda es una extensi\u00f3n de nuestras identidades, y este verano, las posibilidades son tan infinitas como tu imaginaci\u00f3n. Atr\u00e9vete a ser diferente, y haz que cada atuendo cuente una historia. \u00a1Feliz verano y felices aventuras en moda!<\/p>\n<p><em> &#8221; Sources www.vogue.com &#8221; <\/em><\/p>\n<p><em> &#8221; Fuentes www.vogue.com &#8221; <\/em><\/p>\n","protected":false},"excerpt":{"rendered":"<p>Verano de Tendencias: La Combinaci\u00f3n Perfecta para Este 2023 A medida que los d\u00edas soleados se alargan y las temperaturas suben, el mundo de la moda se encuentra en un constante vaiv\u00e9n de tendencias. Este verano, dos estilos dispares han cobrado protagonismo: los conjuntos de ropa deportiva de est\u00e9tica retro y las siluetas de inspiraci\u00f3n [&hellip;]<\/p>\n","protected":false},"author":4,"featured_media":997315,"comment_status":"open","ping_status":"closed","sticky":false,"template":"","format":"standard","meta":{"om_disable_all_campaigns":false,"jnews-multi-image_gallery":[],"jnews_single_post":[],"jnews_primary_category":[],"jnews_social_meta":[],"footnotes":""},"categories":[144872],"tags":[198490,231050,166,171934,25060,372,231051,75121,207850],"class_list":["post-997314","post","type-post","status-publish","format-standard","has-post-thumbnail","hentry","category-fashion","tag-celebrity-fashion","tag-divisive-trends","tag-fashion","tag-hailey-bieber","tag-outfit","tag-style","tag-summer-outfit-ideas","tag-summer-trends","tag-trending-styles"],"_links":{"self":[{"href":"https:\/\/dimensionturistica.com\/es\/wp-json\/wp\/v2\/posts\/997314","targetHints":{"allow":["GET"]}}],"collection":[{"href":"https:\/\/dimensionturistica.com\/es\/wp-json\/wp\/v2\/posts"}],"about":[{"href":"https:\/\/dimensionturistica.com\/es\/wp-json\/wp\/v2\/types\/post"}],"author":[{"embeddable":true,"href":"https:\/\/dimensionturistica.com\/es\/wp-json\/wp\/v2\/users\/4"}],"replies":[{"embeddable":true,"href":"https:\/\/dimensionturistica.com\/es\/wp-json\/wp\/v2\/comments?post=997314"}],"version-history":[{"count":0,"href":"https:\/\/dimensionturistica.com\/es\/wp-json\/wp\/v2\/posts\/997314\/revisions"}],"wp:featuredmedia":[{"embeddable":true,"href":"https:\/\/dimensionturistica.com\/es\/wp-json\/wp\/v2\/media\/997315"}],"wp:attachment":[{"href":"https:\/\/dimensionturistica.com\/es\/wp-json\/wp\/v2\/media?parent=997314"}],"wp:term":[{"taxonomy":"category","embeddable":true,"href":"https:\/\/dimensionturistica.com\/es\/wp-json\/wp\/v2\/categories?post=997314"},{"taxonomy":"post_tag","embeddable":true,"href":"https:\/\/dimensionturistica.com\/es\/wp-json\/wp\/v2\/tags?post=997314"}],"curies":[{"name":"wp","href":"https:\/\/api.w.org\/{rel}","templated":true}]}}