{"id":99668,"date":"2021-03-21T22:24:06","date_gmt":"2021-03-21T22:24:06","guid":{"rendered":"https:\/\/dimensionturistica.com\/es\/?p=99668"},"modified":"2021-03-21T22:24:06","modified_gmt":"2021-03-21T22:24:06","slug":"aidaperla-inicia-primer-viaje-de-la-linea-de-2021-en-canarias","status":"publish","type":"post","link":"https:\/\/dimensionturistica.com\/es\/aidaperla-inicia-primer-viaje-de-la-linea-de-2021-en-canarias\/","title":{"rendered":"AIDAperla inicia primer viaje de la l\u00ednea de 2021 en Canarias"},"content":{"rendered":"<p> <br \/>\n<\/p>\n<div style=\"margin-top:0px;\">\n<hr\/>\n<p style=\"text-align: justify;\"><img decoding=\"async\" loading=\"lazy\" class=\"alignright  wp-image-87829\" src=\"https:\/\/dimensionturistica.com\/es\/wp-content\/uploads\/2021\/02\/AIDA-Cruises-abre-la-temporada-de-cruceros-2021-el-20.jpg\" alt=\"\" width=\"384\" height=\"216\"  \/>El crucero <strong>AIDAperla<\/strong>, barco de <strong>Aida Cruises<\/strong>, inici\u00f3 el primer viaje de la naviera en 2021 en <strong>Canarias<\/strong>.<\/p>\n<p style=\"text-align: justify;\">La compa\u00f1\u00eda alemana ofrecer\u00e1 salidas de una semana por Canarias a bordo del buque, teniendo la salida desde Gran Canaria, escalas en La Palma, Santa Cruz de Tenerife, Fuerteventura y Lanzarote, consign\u00f3 Cruise Business Information.<\/p>\n<p style=\"text-align: justify;\">La embarcaci\u00f3n fue construida en 2017 y tiene capacidad para 3250 pasajeros en plena ocupaci\u00f3n, pero navegar\u00e1 su primer crucero de este a\u00f1o con cerca de 800 viajeros a bordo. Sin embargo, se espera que la compa\u00f1\u00eda aumente la capacidad con el tiempo y alcance entre 50% y 60%.<\/p>\n<p style=\"text-align: justify;\">Este acontecimiento marca el segundo reinicio para AIDAperla y el tercer reinicio para la l\u00ednea, que relanz\u00f3 el servicio en octubre y luego nuevamente en diciembre. Se prev\u00e9 que la nave siga despleg\u00e1ndose hasta mayo.<\/p>\n<hr\/>\n<p>\t\t <!-- banner --><br \/>\n<!--\t \n\n<div style=\"margin-top: 15px;\"><\/div>\n\n\n<a rel=\"nofollow noopener\" target=\"_blank\" href=\"https:\/\/www.linkedin.com\/company\/portalcruceros-cl\/\">\n\t<img decoding=\"async\" src=\"https:\/\/dimensionturistica.com\/es\/wp-content\/uploads\/2020\/09\/Knud-E-Hansen-disena-nuevo-crucero-de-expedicion-rompehielos.gif\" \/>\n\t<\/a> --><\/p>\n<p>\t<!-- banner end --><\/p>\n<p>\t\t <!-- notas relacionadas --><\/p>\n<hr\/>\n<p>\t\t   <!-- fin notas relacionadas --><\/p><\/div>\n\n<p><em> &#8221; Fuentes portalcruceros.cl &#8221; <\/em><\/p>\n","protected":false},"excerpt":{"rendered":"<p>El crucero AIDAperla, barco de Aida Cruises, inici\u00f3 el primer viaje de la naviera en 2021 en Canarias. La compa\u00f1\u00eda alemana ofrecer\u00e1 salidas de una semana por Canarias a bordo del buque, teniendo la salida desde Gran Canaria, escalas en La Palma, Santa Cruz de Tenerife, Fuerteventura y Lanzarote, consign\u00f3 Cruise Business Information. La embarcaci\u00f3n [&hellip;]<\/p>\n","protected":false},"author":4,"featured_media":82381,"comment_status":"open","ping_status":"closed","sticky":false,"template":"","format":"standard","meta":{"om_disable_all_campaigns":false,"jnews-multi-image_gallery":[],"jnews_single_post":[],"jnews_primary_category":[],"jnews_social_meta":[],"footnotes":""},"categories":[41],"tags":[],"class_list":["post-99668","post","type-post","status-publish","format-standard","has-post-thumbnail","hentry","category-cruceros"],"_links":{"self":[{"href":"https:\/\/dimensionturistica.com\/es\/wp-json\/wp\/v2\/posts\/99668","targetHints":{"allow":["GET"]}}],"collection":[{"href":"https:\/\/dimensionturistica.com\/es\/wp-json\/wp\/v2\/posts"}],"about":[{"href":"https:\/\/dimensionturistica.com\/es\/wp-json\/wp\/v2\/types\/post"}],"author":[{"embeddable":true,"href":"https:\/\/dimensionturistica.com\/es\/wp-json\/wp\/v2\/users\/4"}],"replies":[{"embeddable":true,"href":"https:\/\/dimensionturistica.com\/es\/wp-json\/wp\/v2\/comments?post=99668"}],"version-history":[{"count":0,"href":"https:\/\/dimensionturistica.com\/es\/wp-json\/wp\/v2\/posts\/99668\/revisions"}],"wp:featuredmedia":[{"embeddable":true,"href":"https:\/\/dimensionturistica.com\/es\/wp-json\/wp\/v2\/media\/82381"}],"wp:attachment":[{"href":"https:\/\/dimensionturistica.com\/es\/wp-json\/wp\/v2\/media?parent=99668"}],"wp:term":[{"taxonomy":"category","embeddable":true,"href":"https:\/\/dimensionturistica.com\/es\/wp-json\/wp\/v2\/categories?post=99668"},{"taxonomy":"post_tag","embeddable":true,"href":"https:\/\/dimensionturistica.com\/es\/wp-json\/wp\/v2\/tags?post=99668"}],"curies":[{"name":"wp","href":"https:\/\/api.w.org\/{rel}","templated":true}]}}