{"id":99646,"date":"2021-03-21T21:34:15","date_gmt":"2021-03-21T21:34:15","guid":{"rendered":"https:\/\/dimensionturistica.com\/es\/?p=99646"},"modified":"2021-03-21T21:34:16","modified_gmt":"2021-03-21T21:34:16","slug":"arranca-este-martes-tianguis-turistico-digital-desde-mazatlan","status":"publish","type":"post","link":"https:\/\/dimensionturistica.com\/es\/arranca-este-martes-tianguis-turistico-digital-desde-mazatlan\/","title":{"rendered":"Arranca este martes Tianguis Tur\u00edstico Digital, desde Mazatl\u00e1n"},"content":{"rendered":"<p> <br \/>\n<\/p>\n<div itemprop=\"text\">\n<div class=\"paragraph\" mlnid=\"idcon=401332;order=6.0\">\n<p>MAZATL\u00c1N._ Los \u201cmanteles\u201d est\u00e1n listos en el mundo digital para que este martes inicie el Tianguis Tur\u00edstico Digital 2021, desde Mazatl\u00e1n.<\/p>\n<p>Considerado el encuentro tur\u00edstico m\u00e1s importante de M\u00e9xico, el tianguis pretende reunir durante dos d\u00edas en la purple a cientos de personas involucradas en la actividad tur\u00edstica para cerrar tratos comerciales, es el hist\u00f3rico Tianguis Tur\u00edstico que se realiza desde 1975 en Acapulco, y que en 2012 se volvi\u00f3 itinerante.<\/p>\n<p>Esta es la segunda ocasi\u00f3n que Mazatl\u00e1n es la sede y la segunda ocasi\u00f3n tambi\u00e9n, en que se celebra de manera digital, no presencial, debido a la emergencia sanitaria por Covid-19.<\/p>\n<p>De acuerdo a n\u00fameros de la Secretar\u00eda de Turismo de Sinaloa, se espera la participaci\u00f3n de 45 pa\u00edses y mil 900 compradores nacionales e internacionales; una plataforma sin igual en el pa\u00eds para ofertar casi cualquier producto tur\u00edstico.<\/p>\n<p>\u201cEs la oportunidad para comercializar con compradores nacionales e internacionales los productos tur\u00edsticos del estado\u201d, expres\u00f3 \u00d3scar P\u00e9rez Barros, Secretario de Turismo de Sinaloa.<\/p>\n<p>Dijo que en lo que respecta al estado se destacar\u00e1 principalmente dos atractivos en dos eventos diferentes dentro del Tianguis Tur\u00edstico Digital: la ruta de tren Costa-Barrancas y los cruceros tur\u00edsticos.<\/p>\n<p>Para el primer tema se realizar\u00e1 un seminario donde se expondr\u00e1 ante compradores internacionales el proyecto de extender hasta Mazatl\u00e1n la ruta del ferrocarril \u201cEl Chepe\u201d Categorical, que actualmente termina en el norte del estado pero con cuya extensi\u00f3n, se pretende atravesar Sinaloa de un extremo a otro.<\/p>\n<p>Para el segundo tema se llevar\u00e1 a cabo un p\u00e1nel donde se plantear\u00e1 el regreso de los cruceros tur\u00edsticos, luego de la suspensi\u00f3n en todos los destinos de M\u00e9xico por la pandemia de coronavirus.<\/p>\n<\/p><\/div><\/div>\n\n<p><em> &#8221; Fuentes www.noroeste.com.mx &#8221; <\/em><\/p>\n","protected":false},"excerpt":{"rendered":"<p>MAZATL\u00c1N._ Los \u201cmanteles\u201d est\u00e1n listos en el mundo digital para que este martes inicie el Tianguis Tur\u00edstico Digital 2021, desde Mazatl\u00e1n. Considerado el encuentro tur\u00edstico m\u00e1s importante de M\u00e9xico, el tianguis pretende reunir durante dos d\u00edas en la purple a cientos de personas involucradas en la actividad tur\u00edstica para cerrar tratos comerciales, es el hist\u00f3rico [&hellip;]<\/p>\n","protected":false},"author":4,"featured_media":99647,"comment_status":"open","ping_status":"closed","sticky":false,"template":"","format":"standard","meta":{"om_disable_all_campaigns":false,"jnews-multi-image_gallery":[],"jnews_single_post":[],"jnews_primary_category":[],"jnews_social_meta":[],"footnotes":""},"categories":[41],"tags":[18736],"class_list":["post-99646","post","type-post","status-publish","format-standard","has-post-thumbnail","hentry","category-cruceros","tag-netzahualcoyotl-ceballos"],"_links":{"self":[{"href":"https:\/\/dimensionturistica.com\/es\/wp-json\/wp\/v2\/posts\/99646","targetHints":{"allow":["GET"]}}],"collection":[{"href":"https:\/\/dimensionturistica.com\/es\/wp-json\/wp\/v2\/posts"}],"about":[{"href":"https:\/\/dimensionturistica.com\/es\/wp-json\/wp\/v2\/types\/post"}],"author":[{"embeddable":true,"href":"https:\/\/dimensionturistica.com\/es\/wp-json\/wp\/v2\/users\/4"}],"replies":[{"embeddable":true,"href":"https:\/\/dimensionturistica.com\/es\/wp-json\/wp\/v2\/comments?post=99646"}],"version-history":[{"count":0,"href":"https:\/\/dimensionturistica.com\/es\/wp-json\/wp\/v2\/posts\/99646\/revisions"}],"wp:featuredmedia":[{"embeddable":true,"href":"https:\/\/dimensionturistica.com\/es\/wp-json\/wp\/v2\/media\/99647"}],"wp:attachment":[{"href":"https:\/\/dimensionturistica.com\/es\/wp-json\/wp\/v2\/media?parent=99646"}],"wp:term":[{"taxonomy":"category","embeddable":true,"href":"https:\/\/dimensionturistica.com\/es\/wp-json\/wp\/v2\/categories?post=99646"},{"taxonomy":"post_tag","embeddable":true,"href":"https:\/\/dimensionturistica.com\/es\/wp-json\/wp\/v2\/tags?post=99646"}],"curies":[{"name":"wp","href":"https:\/\/api.w.org\/{rel}","templated":true}]}}