{"id":996215,"date":"2025-06-20T15:45:02","date_gmt":"2025-06-20T15:45:02","guid":{"rendered":"https:\/\/dimensionturistica.com\/es\/?p=996215"},"modified":"2025-06-20T15:45:02","modified_gmt":"2025-06-20T15:45:02","slug":"el-94-de-los-espanoles-planea-hacer-un-viaje-esta-temporada-estival","status":"publish","type":"post","link":"https:\/\/dimensionturistica.com\/es\/el-94-de-los-espanoles-planea-hacer-un-viaje-esta-temporada-estival\/","title":{"rendered":"El 94% de los espa\u00f1oles planea hacer un viaje esta temporada estival."},"content":{"rendered":"<h3>Tendencias de Viaje para el Verano: Un Gasto Sin Precedentes frente a la Incertidumbre<\/h3>\n<p>A medida que se acerca el verano, los espa\u00f1oles se preparan para disfrutar de un merecido tiempo de descanso, y este a\u00f1o, parece que la pasi\u00f3n por viajar no conoce l\u00edmites. Las cifras indican que el gasto en vacaciones est\u00e1 alcanzando niveles r\u00e9cord, reflejando un deseo colectivo de exploraci\u00f3n y aventura a pesar de las incertidumbres globales que nos rodean.<\/p>\n<p>En los \u00faltimos a\u00f1os, hemos sido testigos de cambios significativos en la forma en que viajamos. La pandemia y otros eventos mundiales han alterado nuestras perspectivas, haciendo que muchos repiensen sus prioridades cuando se trata de vacaciones. Sin embargo, el deseo de desconectar y recargar energ\u00edas ha tomado la delantera, llevando a un aumento en la planificaci\u00f3n de viajes anticipados. <\/p>\n<p>Los espa\u00f1oles est\u00e1n optando por destinos tanto nacionales como internacionales. Desde las c\u00e1lidas playas de la Costa del Sol hasta los paisajes de ensue\u00f1o de las islas griegas, la variedad de opciones no solo es amplia, sino que tambi\u00e9n responde a una b\u00fasqueda de nuevas experiencias. Este verano, las tendencias indican que se priorizar\u00e1n las escapadas que ofrezcan un equilibrio entre comodidad, seguridad y aventura.<\/p>\n<p>Uno de los factores que ha influido en este aumento de gasto es la b\u00fasqueda de calidad y autenticidad en las experiencias. Los viajeros est\u00e1n dispuestos a invertir m\u00e1s en alojamiento de alto nivel, gastronom\u00eda local y actividades culturales que les permitan conectar de manera m\u00e1s profunda con los destinos que visitan. Esta tendencia no solo beneficia a los turistas, sino que tambi\u00e9n impulsa la econom\u00eda local en los lugares m\u00e1s afectados por la pandemia.<\/p>\n<p>Adem\u00e1s, la flexibilizaci\u00f3n de las restricciones de viaje y el avance en las campa\u00f1as de vacunaci\u00f3n han brindado a los viajeros una sensaci\u00f3n de seguridad mayor al momento de planificar sus vacaciones. Sin embargo, las preocupaciones contin\u00faan latentes, y los viajeros son m\u00e1s exigentes en cuanto a las condiciones de cancelaci\u00f3n y reembolso de sus reservas.<\/p>\n<p>La tecnolog\u00eda tambi\u00e9n juega un papel crucial en esta nueva era de viaje. Con aplicaciones que permiten gestionar itinerarios, rastrear gastos y encontrar ofertas atractivas, los viajeros est\u00e1n mejor equipados que nunca para explorar. La inteligencia artificial y las plataformas en l\u00ednea proporcionan recomendaciones personalizadas que hacen que cada viaje sea \u00fanico y adaptado a los gustos de cada individuo.<\/p>\n<p>En este contexto de cambios y nuevas expectativas, el turismo sostenible cobra una importancia especial. Los viajeros est\u00e1n cada vez m\u00e1s conscientes del impacto que sus decisiones tienen en el medio ambiente y las comunidades que visitan. Optar por modos de transporte menos contaminantes, elegir alojamientos que reduzcan su huella ecol\u00f3gica y participar en iniciativas locales son algunas de las maneras en que los espa\u00f1oles buscan hacer su parte en la conservaci\u00f3n del planeta.<\/p>\n<p>As\u00ed, el verano de 2023 se perfila como una \u00e9poca de sue\u00f1os cumplidos, donde el deseo de explorar y conocerse a uno mismo a trav\u00e9s de nuevos horizontes es m\u00e1s fuerte que nunca. Con un presupuesto dispuesto a ser invertido y una mente abierta a la aventura, los espa\u00f1oles se preparan para un verano que promete ser inolvidable. En definitiva, nada puede detener el empuje de quienes, tras un periodo de incertidumbre, eligen volver a abrazar el mundo.<\/p>\n<p><em> &#8221; Sources www.rtve.es &#8221; <\/em><\/p>\n<p><em> &#8221; Fuentes www.rtve.es &#8221; <\/em><\/p>\n","protected":false},"excerpt":{"rendered":"<p>Tendencias de Viaje para el Verano: Un Gasto Sin Precedentes frente a la Incertidumbre A medida que se acerca el verano, los espa\u00f1oles se preparan para disfrutar de un merecido tiempo de descanso, y este a\u00f1o, parece que la pasi\u00f3n por viajar no conoce l\u00edmites. Las cifras indican que el gasto en vacaciones est\u00e1 alcanzando [&hellip;]<\/p>\n","protected":false},"author":4,"featured_media":996216,"comment_status":"open","ping_status":"closed","sticky":false,"template":"","format":"standard","meta":{"om_disable_all_campaigns":false,"jnews-multi-image_gallery":[],"jnews_single_post":[],"jnews_primary_category":[],"jnews_social_meta":[],"footnotes":""},"categories":[39],"tags":[770,2924,2925,2182,544,1861,2873,545],"class_list":["post-996215","post","type-post","status-publish","format-standard","has-post-thumbnail","hentry","category-viajes","tag-espana","tag-estadisticas","tag-ocio","tag-tendencias","tag-turismo","tag-vacaciones","tag-verano","tag-viajes"],"_links":{"self":[{"href":"https:\/\/dimensionturistica.com\/es\/wp-json\/wp\/v2\/posts\/996215","targetHints":{"allow":["GET"]}}],"collection":[{"href":"https:\/\/dimensionturistica.com\/es\/wp-json\/wp\/v2\/posts"}],"about":[{"href":"https:\/\/dimensionturistica.com\/es\/wp-json\/wp\/v2\/types\/post"}],"author":[{"embeddable":true,"href":"https:\/\/dimensionturistica.com\/es\/wp-json\/wp\/v2\/users\/4"}],"replies":[{"embeddable":true,"href":"https:\/\/dimensionturistica.com\/es\/wp-json\/wp\/v2\/comments?post=996215"}],"version-history":[{"count":0,"href":"https:\/\/dimensionturistica.com\/es\/wp-json\/wp\/v2\/posts\/996215\/revisions"}],"wp:featuredmedia":[{"embeddable":true,"href":"https:\/\/dimensionturistica.com\/es\/wp-json\/wp\/v2\/media\/996216"}],"wp:attachment":[{"href":"https:\/\/dimensionturistica.com\/es\/wp-json\/wp\/v2\/media?parent=996215"}],"wp:term":[{"taxonomy":"category","embeddable":true,"href":"https:\/\/dimensionturistica.com\/es\/wp-json\/wp\/v2\/categories?post=996215"},{"taxonomy":"post_tag","embeddable":true,"href":"https:\/\/dimensionturistica.com\/es\/wp-json\/wp\/v2\/tags?post=996215"}],"curies":[{"name":"wp","href":"https:\/\/api.w.org\/{rel}","templated":true}]}}