{"id":99509,"date":"2021-03-21T13:49:55","date_gmt":"2021-03-21T13:49:55","guid":{"rendered":"https:\/\/dimensionturistica.com\/es\/?p=99509"},"modified":"2021-03-21T13:49:55","modified_gmt":"2021-03-21T13:49:55","slug":"durante-la-temporada-cordoba-genero-por-el-turismo-90-mil-millones-de-pesos","status":"publish","type":"post","link":"https:\/\/dimensionturistica.com\/es\/durante-la-temporada-cordoba-genero-por-el-turismo-90-mil-millones-de-pesos\/","title":{"rendered":"Durante la temporada, C\u00f3rdoba gener\u00f3 por el turismo 90 mil millones de pesos"},"content":{"rendered":"<p> <br \/>\n<\/p>\n<div>\n<p>Luego de un a\u00f1o en el cual el turismo casi no se desarroll\u00f3 por la pandemia de coronavirus, la temporada 2021 se logr\u00f3 llevar a cabo con los extremos cuidados para prevenir contagios y seg\u00fan revelaron fuentes oficiales, la provincia de C\u00f3rdoba gener\u00f3 movimiento de hasta 90 mil millones de pesos y los comerciantes guardan fuertes expectativas para semana santa.<\/p>\n<p>\u201cC\u00f3rdoba va a ser protagonista en Semana Santa a nivel nacional, tenemos las mejores expectativos; porque los n\u00fameros del verano nos han dado un resultado muy positivo\u201d, destac\u00f3 el presidente de la Agencia C\u00f3rdoba Turismo (ACT), Esteban Aviles, y agreg\u00f3: \u201cAlrededor de 90 mil millones de pesos moviliz\u00f3 el turismo esta at\u00edpica temporada estival y las reservas para Semana Santa ya superan en promedio el 50%\u201d.<\/p>\n<p>Seg\u00fan revelaron los datos, cerca de 4.118.556 de viajeros se movilizaron a la provincia de C\u00f3rdoba dividi\u00e9ndose en distintos destinos internos, con un promedio de 4.63 noches de pernocte por d\u00eda por persona. El promedio de gasto diario por persona y por d\u00eda fue de $4.167, considerando todos los servicios b\u00e1sicos, como servicios de alojamiento, transporte, recreaci\u00f3n, gastronom\u00eda y extras; lo que hace un complete de $89.122.467.188.<\/p>\n<p>Por \u00faltimo, el ex intendente de Villa Carlos Paz asegur\u00f3: \u201cHemos trabajado mucho en la difusi\u00f3n de la oferta de Semana Santa, con campa\u00f1as, acciones de promoci\u00f3n y prensa tanto para C\u00f3rdoba como para el pa\u00eds. Y estamos seguros que C\u00f3rdoba volver\u00e1 a ser uno de los destinos m\u00e1s elegidos, por su naturaleza, por sus servicios, por su propuesta cultural y religiosa y la calidez que nos caracteriza\u201d.<\/p>\n<section class=\"tags\">\n\t\t\t\t\t\t\t\t<span class=\"tags__text\">En esta nota:<\/span><\/p>\n<\/section><\/div>\n<p><script>\n!function(f,b,e,v,n,t,s)\n{if(f.fbq)return;n=f.fbq=function(){n.callMethod?\nn.callMethod.apply(n,arguments):n.queue.push(arguments)};\nif(!f._fbq)f._fbq=n;n.push=n;n.loaded=!0;n.version='2.0';\nn.queue=[];t=b.createElement(e);t.async=!0;\nt.src=v;s=b.getElementsByTagName(e)[0];\ns.parentNode.insertBefore(t,s)}(window, document,'script',\n'https:\/\/connect.facebook.net\/en_US\/fbevents.js');\nfbq('init', '304167650310642');\nfbq('track', 'PageView');\n<\/script><br \/>\n<br \/><\/p>\n<p><em> &#8221; Fuentes www.filo.news &#8221; <\/em><\/p>\n","protected":false},"excerpt":{"rendered":"<p>Luego de un a\u00f1o en el cual el turismo casi no se desarroll\u00f3 por la pandemia de coronavirus, la temporada 2021 se logr\u00f3 llevar a cabo con los extremos cuidados para prevenir contagios y seg\u00fan revelaron fuentes oficiales, la provincia de C\u00f3rdoba gener\u00f3 movimiento de hasta 90 mil millones de pesos y los comerciantes guardan [&hellip;]<\/p>\n","protected":false},"author":4,"featured_media":99510,"comment_status":"open","ping_status":"closed","sticky":false,"template":"","format":"standard","meta":{"om_disable_all_campaigns":false,"jnews-multi-image_gallery":[],"jnews_single_post":[],"jnews_primary_category":[],"jnews_social_meta":[],"footnotes":""},"categories":[39],"tags":[558],"class_list":["post-99509","post","type-post","status-publish","format-standard","has-post-thumbnail","hentry","category-viajes","tag-cordoba"],"_links":{"self":[{"href":"https:\/\/dimensionturistica.com\/es\/wp-json\/wp\/v2\/posts\/99509","targetHints":{"allow":["GET"]}}],"collection":[{"href":"https:\/\/dimensionturistica.com\/es\/wp-json\/wp\/v2\/posts"}],"about":[{"href":"https:\/\/dimensionturistica.com\/es\/wp-json\/wp\/v2\/types\/post"}],"author":[{"embeddable":true,"href":"https:\/\/dimensionturistica.com\/es\/wp-json\/wp\/v2\/users\/4"}],"replies":[{"embeddable":true,"href":"https:\/\/dimensionturistica.com\/es\/wp-json\/wp\/v2\/comments?post=99509"}],"version-history":[{"count":0,"href":"https:\/\/dimensionturistica.com\/es\/wp-json\/wp\/v2\/posts\/99509\/revisions"}],"wp:featuredmedia":[{"embeddable":true,"href":"https:\/\/dimensionturistica.com\/es\/wp-json\/wp\/v2\/media\/99510"}],"wp:attachment":[{"href":"https:\/\/dimensionturistica.com\/es\/wp-json\/wp\/v2\/media?parent=99509"}],"wp:term":[{"taxonomy":"category","embeddable":true,"href":"https:\/\/dimensionturistica.com\/es\/wp-json\/wp\/v2\/categories?post=99509"},{"taxonomy":"post_tag","embeddable":true,"href":"https:\/\/dimensionturistica.com\/es\/wp-json\/wp\/v2\/tags?post=99509"}],"curies":[{"name":"wp","href":"https:\/\/api.w.org\/{rel}","templated":true}]}}