{"id":994719,"date":"2025-06-18T05:30:02","date_gmt":"2025-06-18T05:30:02","guid":{"rendered":"https:\/\/dimensionturistica.com\/es\/?p=994719"},"modified":"2025-06-18T05:30:02","modified_gmt":"2025-06-18T05:30:02","slug":"el-guardarropa-festivo-de-sofia-richie-grainge-destaca-algunos-accesorios-clave-para-el-verano","status":"publish","type":"post","link":"https:\/\/dimensionturistica.com\/es\/el-guardarropa-festivo-de-sofia-richie-grainge-destaca-algunos-accesorios-clave-para-el-verano\/","title":{"rendered":"El guardarropa festivo de Sofia Richie Grainge destaca algunos accesorios clave para el verano."},"content":{"rendered":"<h3>Estilo Veraniego: Must-Haves para unas Vacaciones a la Moda<\/h3>\n<p>Cuando se trata de planear unas vacaciones, no solo es importante el destino, sino tambi\u00e9n el guardarropa que llevaremos con nosotros. Este verano, el estilo y la comodidad se alinean para crear una experiencia de viaje memorable y, por supuesto, a la moda. Desde exclusivos accesorios hasta prendas vers\u00e1tiles, hay claves para lucir espectacular en cualquier rinc\u00f3n del mundo.<\/p>\n<h4>Los Accesorios que Marcan la Diferenia<\/h4>\n<p>Uno de los elementos clave del guardarropa de verano son los accesorios. Un sombrero de ala ancha no solo aporta un toque de elegancia, sino que tambi\u00e9n es esencial para protegerse del sol mientras exploramos playas o ciudades vibrantes. Acompa\u00f1ado de unas gafas de sol de dise\u00f1o, este d\u00fao se vuelve la defensa perfecta contra los rayos ultravioleta y el desgaste de un d\u00eda de turismo.<\/p>\n<p>Las joyas tambi\u00e9n juegan un papel fundamental. Optar por piezas delicadas que combinen con m\u00faltiples outfits puede transformar completamente un look. Unos pendientes llamativos o un collar sutil a\u00f1aden ese punto de brillo que puede elevar cualquier conjunto, ya sea para un almuerzo en la terraza de un caf\u00e9 o una cena elegante.<\/p>\n<h4>Elementos Clave del Vestuario<\/h4>\n<p>Cada prenda elegida para nuestras vacaciones debe ser una declaraci\u00f3n de estilo y una garant\u00eda de comodidad. Los vestidos fluidos en tonos suaves y estampados veraniegos son ideales para pasar del d\u00eda a la noche con facilidad. Adem\u00e1s, son una excelente opci\u00f3n para empaquetar, ya que no ocupan mucho espacio y siempre son f\u00e1ciles de combinar.<\/p>\n<p>Para los hombres, las camisetas de algod\u00f3n de corte limpio se transforman en una opci\u00f3n vers\u00e1til que resulta perfecta para cualquier actividad, desde un paseo por la ciudad hasta una cena informal. Combinadas con un par de shorts entallados, crean un look fresco y chic.<\/p>\n<h4>Calzado: Comodidad y Estilo<\/h4>\n<p>Nada arruina un d\u00eda de exploraci\u00f3n como un par de zapatos inc\u00f3modos. Este verano, elige sandalias elegantes y c\u00f3modas que ofrezcan soporte, sin sacrificar el estilo. Una buena opci\u00f3n son las alpargatas, que son tanto fashion como pr\u00e1cticas. Para aquellos momentos m\u00e1s informales, unas zapatillas blancas cl\u00e1sicas son esenciales, ya que combinan bien con casi cualquier look.<\/p>\n<h4>La Versatilidad del Ba\u00f1o<\/h4>\n<p>Si tu destino incluye sol y playa, aseg\u00farate de incluir en tu maleta un traje de ba\u00f1o que no solo sea funcional, sino que tambi\u00e9n est\u00e9 a la moda. Los estilos de dos piezas con estampados vibrantes son perfectos para lucir sensacional, tanto en la arena como en una piscina. Complementa tu look de ba\u00f1o con una pareo o un kimono ligero para un toque extra de estilo.<\/p>\n<h3>Conclusi\u00f3n<\/h3>\n<p>A medida que planeas tus pr\u00f3ximas vacaciones, recuerda que una buena elecci\u00f3n de accesorios y prendas vers\u00e1tiles puede hacer toda la diferencia. Al final, se trata de disfrutar de cada momento mientras luces fabulosa. Este verano, sal de tu zona de confort y permite que tu estilo brille, sin dejar de lado la comodidad. \u00a1Haz que tus vacaciones no solo sean memorables por el destino, sino tambi\u00e9n por tu espectacular guardarropa!<\/p>\n<p><em> &#8221; Sources www.vogue.com &#8221; <\/em><\/p>\n<p><em> &#8221; Fuentes www.vogue.com &#8221; <\/em><\/p>\n","protected":false},"excerpt":{"rendered":"<p>Estilo Veraniego: Must-Haves para unas Vacaciones a la Moda Cuando se trata de planear unas vacaciones, no solo es importante el destino, sino tambi\u00e9n el guardarropa que llevaremos con nosotros. Este verano, el estilo y la comodidad se alinean para crear una experiencia de viaje memorable y, por supuesto, a la moda. Desde exclusivos accesorios [&hellip;]<\/p>\n","protected":false},"author":4,"featured_media":994720,"comment_status":"open","ping_status":"closed","sticky":false,"template":"","format":"standard","meta":{"om_disable_all_campaigns":false,"jnews-multi-image_gallery":[],"jnews_single_post":[],"jnews_primary_category":[],"jnews_social_meta":[],"footnotes":""},"categories":[144872],"tags":[69624,198487,203878,166,230105,198515,198545,207677,217117,372,221459,111204,6194,373],"class_list":["post-994719","post","type-post","status-publish","format-standard","has-post-thumbnail","hentry","category-fashion","tag-accessories","tag-celebrity-style","tag-chic-looks","tag-fashion","tag-holiday-wardrobe","tag-outfit-inspiration","tag-seasonal-fashion","tag-sofia-richie","tag-storytypenews-trending","tag-style","tag-summer-accessories","tag-textaboveleftsmall","tag-trends","tag-web"],"_links":{"self":[{"href":"https:\/\/dimensionturistica.com\/es\/wp-json\/wp\/v2\/posts\/994719","targetHints":{"allow":["GET"]}}],"collection":[{"href":"https:\/\/dimensionturistica.com\/es\/wp-json\/wp\/v2\/posts"}],"about":[{"href":"https:\/\/dimensionturistica.com\/es\/wp-json\/wp\/v2\/types\/post"}],"author":[{"embeddable":true,"href":"https:\/\/dimensionturistica.com\/es\/wp-json\/wp\/v2\/users\/4"}],"replies":[{"embeddable":true,"href":"https:\/\/dimensionturistica.com\/es\/wp-json\/wp\/v2\/comments?post=994719"}],"version-history":[{"count":0,"href":"https:\/\/dimensionturistica.com\/es\/wp-json\/wp\/v2\/posts\/994719\/revisions"}],"wp:featuredmedia":[{"embeddable":true,"href":"https:\/\/dimensionturistica.com\/es\/wp-json\/wp\/v2\/media\/994720"}],"wp:attachment":[{"href":"https:\/\/dimensionturistica.com\/es\/wp-json\/wp\/v2\/media?parent=994719"}],"wp:term":[{"taxonomy":"category","embeddable":true,"href":"https:\/\/dimensionturistica.com\/es\/wp-json\/wp\/v2\/categories?post=994719"},{"taxonomy":"post_tag","embeddable":true,"href":"https:\/\/dimensionturistica.com\/es\/wp-json\/wp\/v2\/tags?post=994719"}],"curies":[{"name":"wp","href":"https:\/\/api.w.org\/{rel}","templated":true}]}}