{"id":994310,"date":"2025-06-17T10:58:39","date_gmt":"2025-06-17T10:58:39","guid":{"rendered":"https:\/\/dimensionturistica.com\/es\/?p=994310"},"modified":"2025-06-17T10:58:39","modified_gmt":"2025-06-17T10:58:39","slug":"la-asociacion-de-empresas-turisticas-de-jaen-reconocida-por-su-destacada-labor-en-los-premios-andalucia-de-turismo-2025","status":"publish","type":"post","link":"https:\/\/dimensionturistica.com\/es\/la-asociacion-de-empresas-turisticas-de-jaen-reconocida-por-su-destacada-labor-en-los-premios-andalucia-de-turismo-2025\/","title":{"rendered":"La Asociaci\u00f3n de Empresas Tur\u00edsticas de Ja\u00e9n, reconocida por su destacada labor en los Premios Andaluc\u00eda de Turismo 2025."},"content":{"rendered":"<h3>La Excelencia en el Turismo: Un Reconocimiento a la Industria de Ja\u00e9n<\/h3>\n<p>La provincia de Ja\u00e9n, famosa por su historia, cultura y paisajes olivareros, ha sido escenario de un acontecimiento significativo que resalta la importancia de la calidad en el sector tur\u00edstico. Recientemente, la Asociaci\u00f3n de Agencias de Viajes de Ja\u00e9n recibi\u00f3 un galard\u00f3n en los prestigiosos Premios Andaluc\u00eda de Turismo 2025. Este reconocimiento no solo celebra su labor, sino que tambi\u00e9n pone de relieve el compromiso de la regi\u00f3n con la excelencia en la atenci\u00f3n al viajero.<\/p>\n<h4>Un Sector en Crecimiento<\/h4>\n<p>El turismo en Ja\u00e9n se ha transformado en uno de los pilares econ\u00f3micos m\u00e1s importantes de la provincia. Desde sus monumentos hist\u00f3ricos, como la Catedral de Ja\u00e9n, hasta sus impresionantes paisajes naturales en el Parque Natural de las Sierras de Cazorla, Segura y Las Villas, Ja\u00e9n ofrece una diversidad de experiencias que atraen a turistas nacionales e internacionales. Este crecimiento econ\u00f3mico ha sido posible gracias al esfuerzo conjunto de los profesionales del sector que, a trav\u00e9s de la asociaci\u00f3n, han trabajado incansablemente para mejorar la oferta tur\u00edstica.<\/p>\n<h4>M\u00e1s All\u00e1 de la Excelencia<\/h4>\n<p>El premio otorgado a la asociaci\u00f3n no solo es un s\u00edmbolo de logro, sino un reflejo del trabajo en equipo y la pasi\u00f3n de las agencias por ofrecer un servicio de calidad. Se han implementado numerosas iniciativas que incluyen la formaci\u00f3n continua de agentes, la promoci\u00f3n de rutas tur\u00edsticas \u00fanicas, y la creaci\u00f3n de paquetes personalizados que garantizan una experiencia inolvidable para todos los visitantes.<\/p>\n<p>Este enfoque en la excelencia no solo beneficia a los turistas, sino que tambi\u00e9n permite a las agencias de viajes destacarse en un mercado altamente competitivo, impulsando as\u00ed el crecimiento de Ja\u00e9n como destino tur\u00edstico.<\/p>\n<h4>El Futuro del Turismo en Ja\u00e9n<\/h4>\n<p>Mirando hacia el futuro, la perspectiva es optimista. Con la demanda de turismo sostenible y experiencias aut\u00e9nticas en aumento, Ja\u00e9n est\u00e1 bien posicionada para atraer a un p\u00fablico que busca conexiones genuinas con la cultura local. La asociaci\u00f3n se ha comprometido a seguir elevando los est\u00e1ndares de calidad y a innovar en sus ofertas, asegurando que el turismo en Ja\u00e9n no solo sea una opci\u00f3n, sino una experiencia que perdura en la memoria de quienes la visitan.<\/p>\n<h4>Conclusi\u00f3n<\/h4>\n<p>El reciente reconocimiento a la Asociaci\u00f3n de Agencias de Viajes de Ja\u00e9n subraya la importancia del trabajo y la dedicaci\u00f3n en el sector tur\u00edstico. Este premio no solo celebra el pasado, sino que nos invita a mirar hacia un futuro brillante donde Ja\u00e9n se consolide a\u00fan m\u00e1s como un destino que necesita ser descubierto. Sin duda, la pasi\u00f3n y el compromiso de sus profesionales garantizan que los visitantes experimenten lo mejor de esta hermosa provincia andaluza. As\u00ed que, si buscas un destino lleno de historia, cultura y paisajes impresionantes, Ja\u00e9n te espera con los brazos abiertos.<\/p>\n<p><em> &#8221; Sources www.horajaen.com &#8221; <\/em><\/p>\n<p><em> &#8221; Sources www.horajaen.com &#8221; <\/em><\/p>\n","protected":false},"excerpt":{"rendered":"<p>La Excelencia en el Turismo: Un Reconocimiento a la Industria de Ja\u00e9n La provincia de Ja\u00e9n, famosa por su historia, cultura y paisajes olivareros, ha sido escenario de un acontecimiento significativo que resalta la importancia de la calidad en el sector tur\u00edstico. Recientemente, la Asociaci\u00f3n de Agencias de Viajes de Ja\u00e9n recibi\u00f3 un galard\u00f3n en [&hellip;]<\/p>\n","protected":false},"author":4,"featured_media":0,"comment_status":"open","ping_status":"closed","sticky":false,"template":"","format":"standard","meta":{"om_disable_all_campaigns":false,"jnews-multi-image_gallery":[],"jnews_single_post":[],"jnews_primary_category":[],"jnews_social_meta":[],"footnotes":""},"categories":[40],"tags":[229988],"class_list":["post-994310","post","type-post","status-publish","format-standard","hentry","category-industria","tag-asociacion-de-agencias-de-viajes-jaen-premios-excelencia-andalucia-turismo-2025-turismo-reconocimiento-agencias-de-viajes"],"_links":{"self":[{"href":"https:\/\/dimensionturistica.com\/es\/wp-json\/wp\/v2\/posts\/994310","targetHints":{"allow":["GET"]}}],"collection":[{"href":"https:\/\/dimensionturistica.com\/es\/wp-json\/wp\/v2\/posts"}],"about":[{"href":"https:\/\/dimensionturistica.com\/es\/wp-json\/wp\/v2\/types\/post"}],"author":[{"embeddable":true,"href":"https:\/\/dimensionturistica.com\/es\/wp-json\/wp\/v2\/users\/4"}],"replies":[{"embeddable":true,"href":"https:\/\/dimensionturistica.com\/es\/wp-json\/wp\/v2\/comments?post=994310"}],"version-history":[{"count":0,"href":"https:\/\/dimensionturistica.com\/es\/wp-json\/wp\/v2\/posts\/994310\/revisions"}],"wp:attachment":[{"href":"https:\/\/dimensionturistica.com\/es\/wp-json\/wp\/v2\/media?parent=994310"}],"wp:term":[{"taxonomy":"category","embeddable":true,"href":"https:\/\/dimensionturistica.com\/es\/wp-json\/wp\/v2\/categories?post=994310"},{"taxonomy":"post_tag","embeddable":true,"href":"https:\/\/dimensionturistica.com\/es\/wp-json\/wp\/v2\/tags?post=994310"}],"curies":[{"name":"wp","href":"https:\/\/api.w.org\/{rel}","templated":true}]}}