{"id":994165,"date":"2025-06-16T21:49:43","date_gmt":"2025-06-16T21:49:43","guid":{"rendered":"https:\/\/dimensionturistica.com\/es\/?p=994165"},"modified":"2025-06-16T21:49:43","modified_gmt":"2025-06-16T21:49:43","slug":"como-combinar-tus-pantalones-capri-en-la-oficina-durante-el-verano-2025","status":"publish","type":"post","link":"https:\/\/dimensionturistica.com\/es\/como-combinar-tus-pantalones-capri-en-la-oficina-durante-el-verano-2025\/","title":{"rendered":"C\u00f3mo combinar tus pantalones capri en la oficina durante el verano 2025."},"content":{"rendered":"<p><strong>\u00a1Prep\u00e1rate para el verano en la oficina! Conjuntos frescos y estilosos para triunfar con los pantalones capri<\/strong><\/p>\n<p>El verano est\u00e1 a la vuelta de la esquina, y con \u00e9l, la oportunidad de rejuvenecer nuestro armario de oficina. La temporada nos invita a experimentar con textiles ligeros y colores vibrantes, y una de las prendas clave en este regreso estival son los pantalones capri. F\u00e1cilmente combinables y elegantes, son ideales para quienes desean mantener un estilo profesional sin sacrificar la comodidad.<\/p>\n<h3>El aliado perfecto: Las blusas<\/h3>\n<p>La elecci\u00f3n de la blusa adecuada puede hacer maravillas en tu outfit. En la oficina, donde se busca un balance entre lo formal y lo relajado, es fundamental optar por tops que sean tanto elegantes como frescos. Aqu\u00ed te presentamos algunas opciones irresistibles que elevar\u00e1n tu look:<\/p>\n<ol>\n<li>\n<p><strong>Blusas de seda<\/strong>: Este material no solo es ligero, sino que tambi\u00e9n aporta un toque de sofisticaci\u00f3n. Opta por tonos neutros o pastel para mantener una paleta de colores profesional. Una blusa de seda en color azul claro, combinado con unos pantalones capri blanco, te dar\u00e1 un aire sofisticado y fresco.<\/p>\n<\/li>\n<li>\n<p><strong>Camisas con estampados florales<\/strong>: No temas a\u00f1adir un poco de color a tu armario. Las camisas con estampados exuberantes son ideales para el verano y pueden ser f\u00e1cilmente combinadas con un pantal\u00f3n capri negro. Un look que es a la vez moderno y apropiado.<\/p>\n<\/li>\n<li>\n<p><strong>Blusas sin mangas<\/strong>: Perfectas para esos d\u00edas calurosos, las blusas sin mangas te permiten disfrutar del calor mientras luces adecuada. Puedes optar por una blusa ajustada que marque la cintura o una m\u00e1s holgada que brinde un aire desenfadado. Ambas opciones son v\u00e1lidas si se combinan con piezas cuidadosamente elegidas.<\/p>\n<\/li>\n<li><strong>Top de algod\u00f3n<\/strong>: Si buscas algo m\u00e1s casual pero igual de profesional, los tops de algod\u00f3n son una opci\u00f3n excelente. La variedad de colores y cortes disponibles te permite experimentar. Un top blanco de algod\u00f3n con pantalones capri de un tono m\u00e1s oscuro es una combinaci\u00f3n cl\u00e1sica que nunca falla.<\/li>\n<\/ol>\n<h3>Accesorios que complementan<\/h3>\n<p>No olvides que los detalles cuentan. Joyer\u00eda sencilla, como pendientes peque\u00f1os o pulseras delicadas, puede realzar tu look sin hacerlo exagerado. Adem\u00e1s, un buen par de zapatos, ya sean mocasines o sandalias planas elegantes, complementar\u00e1 tu conjunto de manera perfecta.<\/p>\n<h3>Consejos para lucir espectacular<\/h3>\n<p>Recuerda que la confianza es tu mejor accesorio. Mant\u00e9n una actitud positiva y despreocupada, y seguro que destacar\u00e1s en tu entorno laboral. Jugar con las texturas y los colores no solo actualizar\u00e1 tu guardarropa, sino que tambi\u00e9n te permitir\u00e1 expresar tu personalidad y estilo propio.<\/p>\n<p>En conclusi\u00f3n, es posible lograr un look de oficina fresco y elegante durante el verano sin esfuerzo. Los pantalones capri son vers\u00e1tiles, y al combinarlos adecuadamente con las blusas adecuadas, te asegurar\u00e1s de ser la imagen de la profesional que, adem\u00e1s de sobresalir en su trabajo, sabe disfrutar de la moda.<\/p>\n<p>As\u00ed que prepara tu armario, \u00a1el verano te espera para lucir espectacular en la oficina!<\/p>\n<p><em> &#8221; Sources www.vogue.mx &#8221; <\/em><\/p>\n<p><em> &#8221; Fuentes www.vogue.mx &#8221; <\/em><\/p>\n","protected":false},"excerpt":{"rendered":"<p>\u00a1Prep\u00e1rate para el verano en la oficina! Conjuntos frescos y estilosos para triunfar con los pantalones capri El verano est\u00e1 a la vuelta de la esquina, y con \u00e9l, la oportunidad de rejuvenecer nuestro armario de oficina. La temporada nos invita a experimentar con textiles ligeros y colores vibrantes, y una de las prendas clave [&hellip;]<\/p>\n","protected":false},"author":4,"featured_media":994167,"comment_status":"open","ping_status":"closed","sticky":false,"template":"","format":"standard","meta":{"om_disable_all_campaigns":false,"jnews-multi-image_gallery":[],"jnews_single_post":[],"jnews_primary_category":[],"jnews_social_meta":[],"footnotes":""},"categories":[144872],"tags":[200333,7758,659,4568,14970,200499,208989,200334,2182,116229],"class_list":["post-994165","post","type-post","status-publish","format-standard","has-post-thumbnail","hentry","category-fashion","tag-blusas","tag-estilo","tag-moda","tag-oficina","tag-outfits","tag-pantalones","tag-pantalones-capri","tag-primavera-verano-2025","tag-tendencias","tag-verano-2025"],"_links":{"self":[{"href":"https:\/\/dimensionturistica.com\/es\/wp-json\/wp\/v2\/posts\/994165","targetHints":{"allow":["GET"]}}],"collection":[{"href":"https:\/\/dimensionturistica.com\/es\/wp-json\/wp\/v2\/posts"}],"about":[{"href":"https:\/\/dimensionturistica.com\/es\/wp-json\/wp\/v2\/types\/post"}],"author":[{"embeddable":true,"href":"https:\/\/dimensionturistica.com\/es\/wp-json\/wp\/v2\/users\/4"}],"replies":[{"embeddable":true,"href":"https:\/\/dimensionturistica.com\/es\/wp-json\/wp\/v2\/comments?post=994165"}],"version-history":[{"count":0,"href":"https:\/\/dimensionturistica.com\/es\/wp-json\/wp\/v2\/posts\/994165\/revisions"}],"wp:featuredmedia":[{"embeddable":true,"href":"https:\/\/dimensionturistica.com\/es\/wp-json\/wp\/v2\/media\/994167"}],"wp:attachment":[{"href":"https:\/\/dimensionturistica.com\/es\/wp-json\/wp\/v2\/media?parent=994165"}],"wp:term":[{"taxonomy":"category","embeddable":true,"href":"https:\/\/dimensionturistica.com\/es\/wp-json\/wp\/v2\/categories?post=994165"},{"taxonomy":"post_tag","embeddable":true,"href":"https:\/\/dimensionturistica.com\/es\/wp-json\/wp\/v2\/tags?post=994165"}],"curies":[{"name":"wp","href":"https:\/\/api.w.org\/{rel}","templated":true}]}}