{"id":993578,"date":"2025-06-15T18:43:50","date_gmt":"2025-06-15T18:43:50","guid":{"rendered":"https:\/\/dimensionturistica.com\/es\/?p=993578"},"modified":"2025-06-15T18:43:50","modified_gmt":"2025-06-15T18:43:50","slug":"unas-de-gota-de-limon-la-manicura-dolce-vita-que-pronto-veras-en-todas-partes","status":"publish","type":"post","link":"https:\/\/dimensionturistica.com\/es\/unas-de-gota-de-limon-la-manicura-dolce-vita-que-pronto-veras-en-todas-partes\/","title":{"rendered":"U\u00f1as de Gota de Lim\u00f3n: La Manicura Dolce Vita Que Pronto Ver\u00e1s en Todas Partes"},"content":{"rendered":"<h3>Color y Estilo: La Nueva Tendencia de las U\u00f1as Citrinas<\/h3>\n<p>En el vibrante mundo del turismo, cada detalle cuenta. Desde los destinos hasta la moda, el estilo puede convertirse en una forma de expresi\u00f3n que enriquece nuestras experiencias. En este contexto, una de las \u00faltimas tendencias que est\u00e1 capturando la atenci\u00f3n de las amantes de la est\u00e9tica son las u\u00f1as en tono amarillo lim\u00f3n, una elecci\u00f3n audaz que promete iluminar cualquier viaje.<\/p>\n<h4>Un Toque Refrescante<\/h4>\n<p>Imag\u00ednate paseando por las calles soleadas de una nueva ciudad, tus manos adornadas con un brillante esmalte amarillo que refleja el ambiente alegre y vibrante del lugar. Este color, que evoca energ\u00eda y vitalidad, no s\u00f3lo combina perfectamente con el verano, sino que tambi\u00e9n se est\u00e1 convirtiendo en un s\u00edmbolo de optimismo en el mundo del dise\u00f1o de u\u00f1as. Las tonalidades c\u00edtricas son ideales para esos d\u00edas de exploraci\u00f3n, en los que cada fotograf\u00eda puede capturar no solo el paisaje, sino tambi\u00e9n la esencia de tu estilo personal.<\/p>\n<h4>Versatilidad en el Dise\u00f1o<\/h4>\n<p>Las u\u00f1as amarillas ofrecen diversas posibilidades de dise\u00f1o. Desde un acabado liso y brillante que resalta la pureza del color, hasta patrones m\u00e1s elaborados que armonizan con otros tonos, como el blanco o el negro. Los detalles en la decoraci\u00f3n, como peque\u00f1as hojas o flores, pueden evocar la naturaleza y enriquecer el ambiente que te rodea. Imagina llevar ese toque fresco mientras disfrutas de un brunch en un caf\u00e9 al aire libre o mientras paseas por los mercados locales.<\/p>\n<h4>Atractivo Visual y Emocional<\/h4>\n<p>M\u00e1s all\u00e1 de su est\u00e9tica, el color amarillo est\u00e1 asociado con sentimientos de alegr\u00eda y rejuvenecimiento. \u00bfQui\u00e9n no desea llevar consigo un peque\u00f1o rayo de sol mientras explora un nuevo lugar? Esto se traduce en una conexi\u00f3n especial entre la moda de las u\u00f1as y la experiencia de viaje, invitando a las personas a sentirse no solo bien consigo mismas, sino tambi\u00e9n en sinton\u00eda con su entorno.<\/p>\n<h4>El Amor por los Detalles<\/h4>\n<p>Viajar es, en gran medida, un juego de detalles. No se trata solo de los lugares que visitas, sino de c\u00f3mo esos momentos se reflejan en tu persona. Optar por un estilo audaz, como las u\u00f1as de color lim\u00f3n, puede ser la manera perfecta de manifestar la aventura que est\u00e1s viviendo. Cada vez que mires tus manos, recordar\u00e1s esa sensaci\u00f3n de libertad y exploraci\u00f3n.<\/p>\n<h3>Conclusi\u00f3n<\/h3>\n<p>Al final, cada viaje es una historia por contar, y cada elecci\u00f3n de estilo, desde la ropa hasta la manicura, agrega un cap\u00edtulo m\u00e1s. As\u00ed que la pr\u00f3xima vez que te prepares para una nueva aventura, considera el atractivo de un esmalte amarillo lim\u00f3n. Es m\u00e1s que una simple tendencia de moda; es una celebraci\u00f3n de la vida, el color y las experiencias que nos hacen vibrar. \u00a1Deja que tus u\u00f1as sean un reflejo de tu esp\u00edritu viajero!<\/p>\n<p><em> &#8221; Sources www.vogue.com &#8221; <\/em><\/p>\n<p><em> &#8221; Fuentes www.vogue.com &#8221; <\/em><\/p>\n","protected":false},"excerpt":{"rendered":"<p>Color y Estilo: La Nueva Tendencia de las U\u00f1as Citrinas En el vibrante mundo del turismo, cada detalle cuenta. Desde los destinos hasta la moda, el estilo puede convertirse en una forma de expresi\u00f3n que enriquece nuestras experiencias. En este contexto, una de las \u00faltimas tendencias que est\u00e1 capturando la atenci\u00f3n de las amantes de [&hellip;]<\/p>\n","protected":false},"author":4,"featured_media":993579,"comment_status":"open","ping_status":"closed","sticky":false,"template":"","format":"standard","meta":{"om_disable_all_campaigns":false,"jnews-multi-image_gallery":[],"jnews_single_post":[],"jnews_primary_category":[],"jnews_social_meta":[],"footnotes":""},"categories":[144872],"tags":[72867,200440,132238,229746,103856,208402,229745,199354,208399,200951,163042,209582,217143,220335,111204],"class_list":["post-993578","post","type-post","status-publish","format-standard","has-post-thumbnail","hentry","category-fashion","tag-beauty","tag-beauty-trends","tag-digital_syndication","tag-diy-nail-design","tag-dolce-vita","tag-fashion-nails","tag-lemon-drop-nails","tag-manicure","tag-manicure-ideas","tag-nail-art","tag-nails","tag-pastel-colors","tag-storytypeexplainer","tag-summer-nails","tag-textaboveleftsmall"],"_links":{"self":[{"href":"https:\/\/dimensionturistica.com\/es\/wp-json\/wp\/v2\/posts\/993578","targetHints":{"allow":["GET"]}}],"collection":[{"href":"https:\/\/dimensionturistica.com\/es\/wp-json\/wp\/v2\/posts"}],"about":[{"href":"https:\/\/dimensionturistica.com\/es\/wp-json\/wp\/v2\/types\/post"}],"author":[{"embeddable":true,"href":"https:\/\/dimensionturistica.com\/es\/wp-json\/wp\/v2\/users\/4"}],"replies":[{"embeddable":true,"href":"https:\/\/dimensionturistica.com\/es\/wp-json\/wp\/v2\/comments?post=993578"}],"version-history":[{"count":0,"href":"https:\/\/dimensionturistica.com\/es\/wp-json\/wp\/v2\/posts\/993578\/revisions"}],"wp:featuredmedia":[{"embeddable":true,"href":"https:\/\/dimensionturistica.com\/es\/wp-json\/wp\/v2\/media\/993579"}],"wp:attachment":[{"href":"https:\/\/dimensionturistica.com\/es\/wp-json\/wp\/v2\/media?parent=993578"}],"wp:term":[{"taxonomy":"category","embeddable":true,"href":"https:\/\/dimensionturistica.com\/es\/wp-json\/wp\/v2\/categories?post=993578"},{"taxonomy":"post_tag","embeddable":true,"href":"https:\/\/dimensionturistica.com\/es\/wp-json\/wp\/v2\/tags?post=993578"}],"curies":[{"name":"wp","href":"https:\/\/api.w.org\/{rel}","templated":true}]}}