{"id":99356,"date":"2021-03-21T01:53:40","date_gmt":"2021-03-21T01:53:40","guid":{"rendered":"https:\/\/dimensionturistica.com\/es\/?p=99356"},"modified":"2021-03-21T01:53:40","modified_gmt":"2021-03-21T01:53:40","slug":"el-mayor-hospital-del-mar-un-ano-de-pandemia-en-granadilla","status":"publish","type":"post","link":"https:\/\/dimensionturistica.com\/es\/el-mayor-hospital-del-mar-un-ano-de-pandemia-en-granadilla\/","title":{"rendered":"El mayor hospital del mar, un a\u00f1o de pandemia en Granadilla"},"content":{"rendered":"<p> <br \/>\n<\/p>\n<div itemprop=\"text\">\n<figure id=\"attachment_533977\" style=\"width: 1024px\" class=\"wp-caption aligncenter\"><img decoding=\"async\" class=\"size-large wp-image-533977\" src=\"https:\/\/dimensionturistica.com\/es\/wp-content\/uploads\/2021\/03\/El-mayor-hospital-del-mar-un-ano-de-pandemia-en.jpg\" alt=\"\" width=\"1024\" height=\"683\"  \/><figcaption class=\"wp-caption-text\">El \u00c1frica Mercy es un barco-hospital que desarrolla campa\u00f1as solidarias de operaciones en Senegal \/ DA<\/figcaption><\/figure>\n<p>El <strong>\u00c1frica Mercy<\/strong> atrac\u00f3 en Tenerife en pleno estado de alarma (31 de marzo) y en esta ocasi\u00f3n eligi\u00f3 el <strong>puerto de Granadilla<\/strong> para su tradicional parada t\u00e9cnica anual. Te\u00f3ricamente iban a ser dos o tres meses, pero la pandemia world -en \u00c1frica incluida- y por ende sus restricciones, le han obligado a pasar m\u00e1s de un a\u00f1o en la Isla, estando previsto que la abandone, si nada se tuerce, a finales de mayo, principios de junio, seg\u00fan su precise capit\u00e1n, el holand\u00e9s Jan Tuinier.<\/p>\n<p>El mayor barco hospital civil del mundo, lleg\u00f3 hace un a\u00f1o con 239 personas, entre tripulantes, cooperantes y familiares (tambi\u00e9n vienen ni\u00f1os), pero hoy quedan en torno a 140, porque el resto ha termin\u00f3 su misi\u00f3n y ahora se est\u00e1 a la espera de ser reemplazados en la campa\u00f1a de cooperantes abierta en todo el mundo, coment\u00f3 Daniela Cruz, la \u00fanica cooperante mejicana que lleva cuatro a\u00f1os en el barco, al que lleg\u00f3 porque \u201cme gustaban los cruceros, y esto es lo m\u00e1s parecido a un crucero que encontr\u00e9\u201d, se\u00f1ala con una sonrisa. Ahora lleva Recursos Humanos y se muestra feliz de pertenecer a una familia \u201cque de manera altruista, hasta pagando por ello, todos hacemos de todo; no por ser m\u00e9dico no hace otras tareas\u201d, dijo mirando a Eliezer Rodrigues, el physician venezolano que nos mostr\u00f3 orgulloso los cinco quir\u00f3fanos -ahora resguardados hasta regresar a Senegal- y el laboratorio del \u00c1frica Mercy, que seg\u00fan \u00e9l, \u201cnos sit\u00faan como un hospital de primer nivel; algunos m\u00e9dicos que nos han visitado nos han comentado que en la Isla hay poco hospitales de este nivel\u201d, relat\u00f3 el physician que tiene ganas de volver \u00c1frica para \u201catender a todos esos ni\u00f1os, sobre todo, que ya nos est\u00e1n esperando para intervenciones en malformaciones gen\u00e9ticas, operaciones maxilofaciales, graves quemaduras o cataratas\u201d.<\/p>\n<p>Gerardo Vangioni, director de <strong>Naves de Esperanza (Mercy Ships, en ingl\u00e9s)<\/strong>, nos recuerda que hay \u201ctres momentos o hitos en el nacimiento de Mercy Ships como ONG de \u00e1mbito mundial. Un hurac\u00e1n, el nacimiento de un hijo y un encuentro. Nuestros fundadores, Don y Deyon Stephens, de Texas, se encontraban en una isla del Caribe, realizando tareas de ayuda social, cuando sufren los efectos devastadores de un hurac\u00e1n. All\u00ed, en medio de la tragedia, una de las componentes del grupo dice en voz alta, como en una oraci\u00f3n: \u201cQu\u00e9 bueno ser\u00eda que pudiese venir un barco con ayuda m\u00e9dica y suministros\u201d. As\u00ed anida la concept del barco hospital en los corazones de Don y Deyon Stephens.<\/p>\n<div id=\"gslideshow\" class=\"gss-container\">\n<div class=\"gss-info\">\n<p>El mayor hospital del mar, un a\u00f1o de pandemia en Granadilla. | Sergio M\u00e9ndez<\/p>\n<\/p><\/div>\n<\/div>\n<p>Pasan los a\u00f1os y al matrimonio Stephens les nace un hijo con necesidades especiales. La condici\u00f3n de Juan Pablo (as\u00ed se llama su hijo), reforz\u00f3 su creencia de que ten\u00edan que llevar ayuda a los que no dispon\u00edan de acceso a una atenci\u00f3n sanitaria.<\/p>\n<p>Por \u00faltimo, Don se encuentra con Teresa de Calcuta en un viaje a la India. Don comparte con ella acerca de la visi\u00f3n que hab\u00eda crecido en su coraz\u00f3n, y su deseo de servir a los que no ten\u00edan acceso a una atenci\u00f3n sanitaria b\u00e1sica; Teresa de Calcuta le anima a ponerse en marcha y a buscar un barco.<\/p>\n<p>En el a\u00f1o 1978, con la ayuda de particulares, empresas y un banco suizo, se adquiere un buque de cruceros que iba a ser remozado. Despu\u00e9s de mucho trabajo, se convierte en un buque hospital, el Anastasis. As\u00ed comenz\u00f3 esta labor de llevar salud y esperanza a los m\u00e1s necesitados\u201d.<\/p>\n<p>Poco despu\u00e9s lleg\u00f3 el \u00c1frica Mercy, un barco con 40 a\u00f1os, que seg\u00fan su capit\u00e1n, Jan Tuinier, \u201cya empieza a ser viejo, aunque hemos aprovechado la larga parada en Tenerife para hacerle una reparaci\u00f3n profunda, con una nueva gr\u00faa y tanques de estabilidad, que no estaban previsto inicialmente\u201d.<\/p>\n<p><iframe loading=\"lazy\" style=\"width: 100%; height: 100%; position: absolute; left: 0px; top: 0px; overflow: hidden;\" src=\"https:\/\/www.dailymotion.com\/embed\/video\/x802yzf?autoplay=1\" width=\"100%\" height=\"100%\" frameborder=\"0\" allowfullscreen=\"allowfullscreen\"><\/iframe><\/p>\n<p>Quiz\u00e1s por eso, pronto saldr\u00e1 a navegar, en el primer trimestre de 2022, el World Mercy que con 174 metros y 37.000 toneladas, dispondr\u00e1 de seis quir\u00f3fanos y alojar\u00e1 a m\u00e1s de 600 voluntarios, uni\u00e9ndose al \u00c1frica Mercy, que seguir\u00e1 viniendo a Tenerife, \u201cdonde nos han tratado extraordinariamente bien, antes en Santa Cruz y ahora en Granadilla\u201d dijo <strong>Gerardo Vangioni.<\/strong><\/p>\n<p>Naves de Esperanza, de car\u00e1cter internacional con 16 sedes en todo el mundo, se subvenciona con las aportaciones de individuos, empresas e instituciones, que realizan bien aportaciones monetarias, bien donativos en materiales y equipamientos, dando nombre los donantes, por ejemplo, a los quir\u00f3fanos. Otra manera de subvencionarse es a trav\u00e9s de los voluntarios, que no s\u00f3lo entregan sus habilidades y tiempo para ayudar a otros, sino que adem\u00e1s contribuyen con los gastos que su estancia a bordo del buque, donde todo se paga en d\u00f3lares, disponiendo hasta de un exclusivo Starbucks o una tienda de souvenirs africanos.<\/p>\n<p>\u201cEn estos 42 a\u00f1os de existencia hemos visitado 592 puertos en m\u00e1s de 56 naciones prestando servicios m\u00e9dicos, realizando m\u00e1s de 105.000 cirug\u00edas, capacitado a m\u00e1s de 49.000 profesionales de la salud locales y llevado a cabo m\u00e1s de 1.100 proyectos de infraestructuras y desarrollo\u201d, recuerda Vangioni.<\/p>\n<p>Durante la estancia, que todav\u00eda se prolongar\u00e1 por espacio de al menos dos meses, el \u00c1frica Mercy ha donado medicamentos en la lucha contra la COVID-19 a la Cruz Roja, alimentos para ser distribuidos por el Cabildo, y hoy mismo 35 cooperantes -aquellos que est\u00e1n libres de las restricciones sanitarias por su nacionalidad, el resto solo puede bajar al muelle \u2013 contribuir\u00e1n a una limpieza de playa y fondos marinos en El Por\u00eds de Abona, iniciativa de Terramare.<\/p>\n<h2>Contactos<\/h2>\n<p>Todos aquellos que quieran conocer la labor que realiza esta ONG o est\u00e9 interesados en ser cooperantes pueden hacerlo a trav\u00e9s de www.nde.ong o seguirlo en Fb, Twitter, Instagram, Linkedin y YouTube, poniendo Naves de Esperanza.<\/p>\n<figure id=\"attachment_533978\" style=\"width: 1024px\" class=\"wp-caption aligncenter\"><img decoding=\"async\" class=\"size-large wp-image-533978\" src=\"https:\/\/dimensionturistica.com\/es\/wp-content\/uploads\/2021\/03\/1616291619_742_El-mayor-hospital-del-mar-un-ano-de-pandemia-en.jpg\" alt=\"\" width=\"1024\" height=\"683\"  \/><figcaption class=\"wp-caption-text\">El holand\u00e9s Jan Tuinier lleva dos meses y medio como capit\u00e1n y arde en deseos de regresar a \u00c1frica \/ FRAN PALLERO<\/figcaption><\/figure>\n<h2>Jan, Eliezer y Daniela<\/h2>\n<p>El holand\u00e9s Jan Tuinier lleva solo dos meses y medio como capit\u00e1n del barco, pero lleva veinte desde que se inici\u00f3 como aprendiz. Sobre la larga estancia en Granadilla comenta que \u201clo normal es que estemos dos meses en Tenerife para mantenimiento y diez meses trabajando en Senegal. Hemos aprovechado para hacer otras reparaciones al barco que valdr\u00e1n como seguro para dos a\u00f1os\u201d. El venezolano Eliezer Rodrigues es uno de los m\u00e9dicos del barco y explica que \u201cesta es la primera vez que paso un a\u00f1o sin salir del barco, pese a que no hemos tenido caso grave de COVID, gracias a una burbuja segura. En octubre ya han podido salir del muelle los europeos, el resto no puede moverse m\u00e1s de quince metros en el muelle, a donde bajamos a veces a estirar piernas y hacer deporte\u201d, comenta. Daniela Cruz lleva cuatro a\u00f1os de cooperante en el \u00c1frica Mercy, tras una recomendaci\u00f3n de su padrastro cuando supo que le gustaban los cruceros. \u201cDe crucero solo tiene que es un barco, pero es muy agradecido el trabajo\u201d, coment\u00f3. \u201cLo m\u00e1s dif\u00edcil es no poder hacer tanto como quisi\u00e9ramos. Si los pa\u00edses en \u00c1frica est\u00e1n como est\u00e1n es por gobiernos mal estructurados y\u00a0 corruptos y toda la riqueza que le han robado a ese continente. Da tristeza ver a esos j\u00f3venes llegar hasta aqu\u00ed en pateras y algunos morir en el mar, y el lamento, cuando llegan, que tengan que quedarse aqu\u00ed cuando lo que quieren es llegar a Europa\u201d, coment\u00f3.8A<\/p>\n<\/div>\n<p><script async defer crossorigin=\"anonymous\" src=\"https:\/\/connect.facebook.net\/es_ES\/sdk.js#xfbml=1&#038;version=v9.0&#038;appId=170522456351149\" nonce=\"FcRb8Pgp\"><\/script><br \/>\n<br \/><\/p>\n<p><em> &#8221; Fuentes diariodeavisos.elespanol.com &#8221; <\/em><\/p>\n","protected":false},"excerpt":{"rendered":"<p>El \u00c1frica Mercy es un barco-hospital que desarrolla campa\u00f1as solidarias de operaciones en Senegal \/ DA El \u00c1frica Mercy atrac\u00f3 en Tenerife en pleno estado de alarma (31 de marzo) y en esta ocasi\u00f3n eligi\u00f3 el puerto de Granadilla para su tradicional parada t\u00e9cnica anual. Te\u00f3ricamente iban a ser dos o tres meses, pero la [&hellip;]<\/p>\n","protected":false},"author":4,"featured_media":99357,"comment_status":"open","ping_status":"closed","sticky":false,"template":"","format":"standard","meta":{"om_disable_all_campaigns":false,"jnews-multi-image_gallery":[],"jnews_single_post":[],"jnews_primary_category":[],"jnews_social_meta":[],"footnotes":""},"categories":[41],"tags":[],"class_list":["post-99356","post","type-post","status-publish","format-standard","has-post-thumbnail","hentry","category-cruceros"],"_links":{"self":[{"href":"https:\/\/dimensionturistica.com\/es\/wp-json\/wp\/v2\/posts\/99356","targetHints":{"allow":["GET"]}}],"collection":[{"href":"https:\/\/dimensionturistica.com\/es\/wp-json\/wp\/v2\/posts"}],"about":[{"href":"https:\/\/dimensionturistica.com\/es\/wp-json\/wp\/v2\/types\/post"}],"author":[{"embeddable":true,"href":"https:\/\/dimensionturistica.com\/es\/wp-json\/wp\/v2\/users\/4"}],"replies":[{"embeddable":true,"href":"https:\/\/dimensionturistica.com\/es\/wp-json\/wp\/v2\/comments?post=99356"}],"version-history":[{"count":0,"href":"https:\/\/dimensionturistica.com\/es\/wp-json\/wp\/v2\/posts\/99356\/revisions"}],"wp:featuredmedia":[{"embeddable":true,"href":"https:\/\/dimensionturistica.com\/es\/wp-json\/wp\/v2\/media\/99357"}],"wp:attachment":[{"href":"https:\/\/dimensionturistica.com\/es\/wp-json\/wp\/v2\/media?parent=99356"}],"wp:term":[{"taxonomy":"category","embeddable":true,"href":"https:\/\/dimensionturistica.com\/es\/wp-json\/wp\/v2\/categories?post=99356"},{"taxonomy":"post_tag","embeddable":true,"href":"https:\/\/dimensionturistica.com\/es\/wp-json\/wp\/v2\/tags?post=99356"}],"curies":[{"name":"wp","href":"https:\/\/api.w.org\/{rel}","templated":true}]}}