{"id":99246,"date":"2021-03-20T20:15:59","date_gmt":"2021-03-20T20:15:59","guid":{"rendered":"https:\/\/dimensionturistica.com\/es\/?p=99246"},"modified":"2021-03-20T20:15:59","modified_gmt":"2021-03-20T20:15:59","slug":"republica-dominicana-comienza-recuperacion-del-sector-turismo","status":"publish","type":"post","link":"https:\/\/dimensionturistica.com\/es\/republica-dominicana-comienza-recuperacion-del-sector-turismo\/","title":{"rendered":"Rep\u00fablica Dominicana comienza recuperaci\u00f3n del sector turismo"},"content":{"rendered":"<p> <br \/>\n<\/p>\n<div style=\"margin-top:0px;\">\n<p><span id=\"more-88414\"\/><strong>Por Redacci\u00f3n PortalCruceros.cl<\/strong><\/p>\n<p><strong>@PortalCruceros<\/strong><\/p>\n<hr\/>\n<p style=\"text-align: justify;\"><img decoding=\"async\" loading=\"lazy\" class=\"alignright  wp-image-80972\" src=\"https:\/\/dimensionturistica.com\/es\/wp-content\/uploads\/2021\/03\/Republica-Dominicana-comienza-recuperacion-del-sector-turismo.jpg\" alt=\"\" width=\"387\" height=\"218\"  \/>El <strong>Presidente de Rep\u00fablica Dominicana, Luis Abinader<\/strong>, asegur\u00f3 que el pa\u00eds puede afirmar que empez\u00f3 la recuperaci\u00f3n del sector turismo y que se han restaurado m\u00e1s de 40 mil empleos en esta \u00e1rea.<\/p>\n<p style=\"text-align: justify;\">\u201cEl objetivo del Gobierno, principalmente, es primero la creaci\u00f3n de empleos, segundo, creaci\u00f3n de empleos y tercero, creaci\u00f3n de empleos\u201d, expres\u00f3 el Mandatario.<\/p>\n<p style=\"text-align: justify;\">Estas palabras fueron ofrecidas por el mandatario durante una rueda de prensa donde se refiri\u00f3 a la proyecci\u00f3n del turismo en la Rep\u00fablica Dominica.<\/p>\n<p style=\"text-align: justify;\">El Mandatario habl\u00f3 de las reservaciones que se est\u00e1n recibiendo en este mes para los pr\u00f3ximos meses, tambi\u00e9n de los empleos que se han creado, juntos con los recuperados.<\/p>\n<p style=\"text-align: justify;\">La m\u00e1xima autoridad nacional dijo que en una proyecci\u00f3n conservadora se ir\u00e1n recuperando en el sector unos 10 mil empleos directos e indirectos cada mes.<\/p>\n<p style=\"text-align: justify;\">\u201cAparte de esa recuperaci\u00f3n, tenemos 18 mil empleos nuevos creados, de personas que no trabajaban antes en esta \u00e1rea, y los anuncios de proyectos en el sector de turismo de cruceros, en las \u00e1reas tem\u00e1ticas y nuevos megaproyectos como el de la provincia Pedernales y otros a\u00fan por anunciar\u201d, manifest\u00f3 Abinader.<\/p>\n<p style=\"text-align: justify;\">El Presidente explic\u00f3 que este es el primer sector econ\u00f3mico del pa\u00eds en t\u00e9rminos de la generaci\u00f3n de divisas y lo que tiene que ver con el empleo y las inversiones extranjeras.<\/p>\n<p style=\"text-align: justify;\">En tanto, el <strong>ministro de Turismo, David Collado<\/strong>, valor\u00f3 los esfuerzos que el Presidente Luis Abinader realiza a favor del turismo.<\/p>\n<p style=\"text-align: justify;\">El jefe de la cartera sostuvo que la proyecci\u00f3n para el mes de marzo es terminar con 230 mil a 260 mil turistas. En torno a la ocupaci\u00f3n para este tercer mes del a\u00f1o, dijo que ronda entre el 60 y 70%.<\/p>\n<p style=\"text-align: justify;\">De su lado, la<strong> viceministra de Turismo, Jacqueline Mora<\/strong>, inform\u00f3 que en agosto el pa\u00eds estaba conectado con tan solo 82 ciudades y que ahora se logr\u00f3 llegar a la cifra de 103 ciudades diferentes.<\/p>\n<hr\/>\n<p>\u00a0<\/p>\n<p><!-- AddThis Advanced Settings above via filter on the_content --><!-- AddThis Advanced Settings below via filter on the_content --><!-- AddThis Advanced Settings generic via filter on the_content -->\t\t<\/p>\n<p>\t\t <!-- banner --><br \/>\n<!--\t \n\n<div style=\"margin-top: 15px;\"><\/div>\n\n\n<a rel=\"nofollow noopener\" target=\"_blank\" href=\"https:\/\/www.linkedin.com\/company\/portalcruceros-cl\/\">\n\t<img decoding=\"async\" src=\"https:\/\/dimensionturistica.com\/es\/wp-content\/uploads\/2020\/09\/Knud-E-Hansen-disena-nuevo-crucero-de-expedicion-rompehielos.gif\" \/>\n\t<\/a> --><\/p>\n<p>\t<!-- banner end --><\/p>\n<p>\t\t <!-- notas relacionadas --><\/p>\n<hr\/>\n<p>\t\t   <!-- fin notas relacionadas --><\/p><\/div>\n\n<p><em> &#8221; Fuentes portalcruceros.cl &#8221; <\/em><\/p>\n","protected":false},"excerpt":{"rendered":"<p>Por Redacci\u00f3n PortalCruceros.cl @PortalCruceros El Presidente de Rep\u00fablica Dominicana, Luis Abinader, asegur\u00f3 que el pa\u00eds puede afirmar que empez\u00f3 la recuperaci\u00f3n del sector turismo y que se han restaurado m\u00e1s de 40 mil empleos en esta \u00e1rea. \u201cEl objetivo del Gobierno, principalmente, es primero la creaci\u00f3n de empleos, segundo, creaci\u00f3n de empleos y tercero, creaci\u00f3n [&hellip;]<\/p>\n","protected":false},"author":4,"featured_media":99247,"comment_status":"open","ping_status":"closed","sticky":false,"template":"","format":"standard","meta":{"om_disable_all_campaigns":false,"jnews-multi-image_gallery":[],"jnews_single_post":[],"jnews_primary_category":[],"jnews_social_meta":[],"footnotes":""},"categories":[41],"tags":[],"class_list":["post-99246","post","type-post","status-publish","format-standard","has-post-thumbnail","hentry","category-cruceros"],"_links":{"self":[{"href":"https:\/\/dimensionturistica.com\/es\/wp-json\/wp\/v2\/posts\/99246","targetHints":{"allow":["GET"]}}],"collection":[{"href":"https:\/\/dimensionturistica.com\/es\/wp-json\/wp\/v2\/posts"}],"about":[{"href":"https:\/\/dimensionturistica.com\/es\/wp-json\/wp\/v2\/types\/post"}],"author":[{"embeddable":true,"href":"https:\/\/dimensionturistica.com\/es\/wp-json\/wp\/v2\/users\/4"}],"replies":[{"embeddable":true,"href":"https:\/\/dimensionturistica.com\/es\/wp-json\/wp\/v2\/comments?post=99246"}],"version-history":[{"count":0,"href":"https:\/\/dimensionturistica.com\/es\/wp-json\/wp\/v2\/posts\/99246\/revisions"}],"wp:featuredmedia":[{"embeddable":true,"href":"https:\/\/dimensionturistica.com\/es\/wp-json\/wp\/v2\/media\/99247"}],"wp:attachment":[{"href":"https:\/\/dimensionturistica.com\/es\/wp-json\/wp\/v2\/media?parent=99246"}],"wp:term":[{"taxonomy":"category","embeddable":true,"href":"https:\/\/dimensionturistica.com\/es\/wp-json\/wp\/v2\/categories?post=99246"},{"taxonomy":"post_tag","embeddable":true,"href":"https:\/\/dimensionturistica.com\/es\/wp-json\/wp\/v2\/tags?post=99246"}],"curies":[{"name":"wp","href":"https:\/\/api.w.org\/{rel}","templated":true}]}}