{"id":99202,"date":"2021-03-20T18:21:22","date_gmt":"2021-03-20T18:21:22","guid":{"rendered":"https:\/\/dimensionturistica.com\/es\/?p=99202"},"modified":"2021-03-20T18:21:23","modified_gmt":"2021-03-20T18:21:23","slug":"se-desata-interminable-balacera-en-rincon-de-guayabitos","status":"publish","type":"post","link":"https:\/\/dimensionturistica.com\/es\/se-desata-interminable-balacera-en-rincon-de-guayabitos\/","title":{"rendered":"Se desata interminable balacera en Rinc\u00f3n de Guayabitos"},"content":{"rendered":"<p> <br \/>\n<\/p>\n<div>\n<p>Pobladores del rinc\u00f3n de Guayabitos reportaron una fuerte balacera, medios locales indican que el enfrentamiento inici\u00f3 en el crucero de Los Ayala por la carretera Federal 200, rumbo a la avenida Sol Nuevo.<\/p>\n<p>Testimonios recogidos por <a rel=\"nofollow noopener\" target=\"_blank\" title=\"CPS NOTICIAS\" href=\"https:\/\/www.youtube.com\/channel\/UC6CrPzMg2u-TRvNvb4sSu7w\">CPS NOTICIAS<\/a> en exclusiva indican que el choque ocurri\u00f3 cuando un convoy del ej\u00e9rcito, en patrullaje de rutina, se top\u00f3 con unas camionetas de presuntos delincuentes.\u00a0<\/p>\n<p>Al marcarles el alto el grupo de civiles abrieron fuego contra el contingente oficial desat\u00e1ndose la lluvia de plomo<\/p>\n<p>Sin embargo, otra versi\u00f3n manifiesta de manera extraoficial\u00a0 que un alto mando del Ej\u00e9rcito, fue atacado, se desconoce si este se encuentra herido o sin vida, la informaci\u00f3n sobre los hechos contin\u00faa en sigilo y ni la Fiscal\u00eda Common del Estado se ha pronunciado en torno a estos hechos.<\/p>\n<p style=\"text-align: center;\">\n<div class=\"jeg_video_container jeg_video_content\"><iframe loading=\"lazy\" title=\"Enfrentamiento en Rinc\u00f3n de Guayabitos | CPS Noticias Puerto Vallarta\" width=\"500\" height=\"375\" src=\"https:\/\/www.youtube.com\/embed\/p6pXW1UM9Aw?feature=oembed\" frameborder=\"0\" allow=\"accelerometer; autoplay; clipboard-write; encrypted-media; gyroscope; picture-in-picture; web-share\" referrerpolicy=\"strict-origin-when-cross-origin\" allowfullscreen><\/iframe><\/div>\n<p>Fuentes locales aseguran que ha arribado un helic\u00f3ptero de La Marina que est\u00e1 persiguiendo a los presuntos delincuentes; supuestamente les disparan desde las alturas.<\/p>\n<p style=\"text-align: center;\"><img decoding=\"async\" src=\"https:\/\/dimensionturistica.com\/es\/wp-content\/uploads\/2021\/03\/Se-desata-interminable-balacera-en-Rincon-de-Guayabitos.jpg\"\/><\/p>\n<p>La balacera empez\u00f3 en el crucero de Los Ayala; a mano derecha en el sentido de norte sur. La refriega comenz\u00f3 aproximadamente a las 9:20 del tiempo del centro. Los vecinos solo lograron ver a los marinos y no al grupo delincuencial con quien se enfrentaban.<\/p>\n<p>En este momento se encuentra resguardado el paso hacia la colonia Betel donde se dio la balacera; el enfretamiento dur\u00f3 m\u00e1s de 40 minutos.<\/p>\n<p>Otras fuentes aseguran que el enfretamento sucede entre la organizaci\u00f3n felony conocida como La Empresa y miembros de la Guardia Nacional apoyados por el ej\u00e9rcito y la Marina.<\/p>\n<blockquote class=\"twitter-tweet\"><p>&#13;<\/p>\n<p dir=\"ltr\" lang=\"es\">Fuerte movilizaci\u00f3n de elementos de La Marina, durante el enfrentamiento contra un grupo de sicarios en Rinc\u00f3n de Guayabitos. <a rel=\"nofollow noopener\" target=\"_blank\" href=\"https:\/\/t.co\/vQdwwF6cV9\">pic.twitter.com\/vQdwwF6cV9<\/a><\/p>\n<p>&#13;<br \/>\n\u2014 CPS Noticias (@CpsNoticias) <a rel=\"nofollow noopener\" target=\"_blank\" href=\"https:\/\/twitter.com\/CpsNoticias\/status\/1373318467848314881?ref_src=twsrc%5Etfw\">March 20, 2021<\/a><\/p><\/blockquote>\n<p>Se dio a conocer que desde Zacualpan hasta Bah\u00eda de Banderas se ven veh\u00edculos dirigi\u00e9ndose al lugar, mientras tanto las autoridades civiles se mantienen a la expectativa sin intervenir; est\u00e1n en sus bases a la espera de ser convocados.\u00a0<\/p>\n<p>Otro dato extraoficial que se ha dado a conocer es que un alto mando del Ej\u00e9rcito, fue atacado, se desconoce si este se encuentra herido o sin vida, la informaci\u00f3n sobre los hechos contin\u00faa en sigilo y ni la Fiscal\u00eda Common del Estado se ha pronunciado en torno a estos hechos<\/p>\n<p>La carretera Federal 200 se encuentra cerrada desde la altura del poblado de El Monte\u00f3n.<\/p>\n<p style=\"text-align: center;\"><iframe loading=\"lazy\" style=\"border: none; overflow: hidden;\" src=\"https:\/\/www.facebook.com\/plugins\/video.php?height=476&amp;href=https%3A%2F%2Fwww.facebook.com%2Ftribunadelabahiaoficial%2Fvideos%2F465917914855396%2F&amp;show_text=false&amp;width=261\" width=\"261\" height=\"476\" frameborder=\"0\" scrolling=\"no\" allowfullscreen=\"allowfullscreen\"><\/iframe><\/p>\n<p>En los alrededores se perciben detonaciones de armas de varios calibres y explosiones de granadas, donde se enfrenta la Guardia Nacional contra un grupo de sicarios. No se identifica que grupo es el que est\u00e1 en el enfrentamiento.<\/p>\n<p>Se recomienda a la ciudadan\u00eda que circule por la <a rel=\"nofollow noopener\" target=\"_blank\" title=\"carretera Federal 200\" href=\"https:\/\/tribunadelabahia.com.mx\/etiqueta\/carretera-federal-200\">carretera Federal 200<\/a> a extremar precauciones.<\/p>\n<\/div>\n<p><script async src=\"\/\/platform.twitter.com\/widgets.js\" charset=\"utf-8\"><\/script><br \/>\n<br \/><\/p>\n<p><em> &#8221; Fuentes tribunadelabahia.com.mx &#8221; <\/em><\/p>\n","protected":false},"excerpt":{"rendered":"<p>Pobladores del rinc\u00f3n de Guayabitos reportaron una fuerte balacera, medios locales indican que el enfrentamiento inici\u00f3 en el crucero de Los Ayala por la carretera Federal 200, rumbo a la avenida Sol Nuevo. Testimonios recogidos por CPS NOTICIAS en exclusiva indican que el choque ocurri\u00f3 cuando un convoy del ej\u00e9rcito, en patrullaje de rutina, se [&hellip;]<\/p>\n","protected":false},"author":4,"featured_media":99203,"comment_status":"open","ping_status":"closed","sticky":false,"template":"","format":"standard","meta":{"om_disable_all_campaigns":false,"jnews-multi-image_gallery":[],"jnews_single_post":[],"jnews_primary_category":[],"jnews_social_meta":[],"footnotes":""},"categories":[41],"tags":[],"class_list":["post-99202","post","type-post","status-publish","format-standard","has-post-thumbnail","hentry","category-cruceros"],"_links":{"self":[{"href":"https:\/\/dimensionturistica.com\/es\/wp-json\/wp\/v2\/posts\/99202","targetHints":{"allow":["GET"]}}],"collection":[{"href":"https:\/\/dimensionturistica.com\/es\/wp-json\/wp\/v2\/posts"}],"about":[{"href":"https:\/\/dimensionturistica.com\/es\/wp-json\/wp\/v2\/types\/post"}],"author":[{"embeddable":true,"href":"https:\/\/dimensionturistica.com\/es\/wp-json\/wp\/v2\/users\/4"}],"replies":[{"embeddable":true,"href":"https:\/\/dimensionturistica.com\/es\/wp-json\/wp\/v2\/comments?post=99202"}],"version-history":[{"count":0,"href":"https:\/\/dimensionturistica.com\/es\/wp-json\/wp\/v2\/posts\/99202\/revisions"}],"wp:featuredmedia":[{"embeddable":true,"href":"https:\/\/dimensionturistica.com\/es\/wp-json\/wp\/v2\/media\/99203"}],"wp:attachment":[{"href":"https:\/\/dimensionturistica.com\/es\/wp-json\/wp\/v2\/media?parent=99202"}],"wp:term":[{"taxonomy":"category","embeddable":true,"href":"https:\/\/dimensionturistica.com\/es\/wp-json\/wp\/v2\/categories?post=99202"},{"taxonomy":"post_tag","embeddable":true,"href":"https:\/\/dimensionturistica.com\/es\/wp-json\/wp\/v2\/tags?post=99202"}],"curies":[{"name":"wp","href":"https:\/\/api.w.org\/{rel}","templated":true}]}}