{"id":990786,"date":"2025-06-10T00:48:49","date_gmt":"2025-06-10T00:48:49","guid":{"rendered":"https:\/\/dimensionturistica.com\/es\/?p=990786"},"modified":"2025-06-10T00:48:49","modified_gmt":"2025-06-10T00:48:49","slug":"los-15-integrantes-del-ii-encuentro-de-danza-inclusiva-realizan-su-presentacion-final-en-el-crucero","status":"publish","type":"post","link":"https:\/\/dimensionturistica.com\/es\/los-15-integrantes-del-ii-encuentro-de-danza-inclusiva-realizan-su-presentacion-final-en-el-crucero\/","title":{"rendered":"Los 15 integrantes del II Encuentro de Danza Inclusiva realizan su presentaci\u00f3n final en El Crucero."},"content":{"rendered":"<h3>Ritmo y Inclusi\u00f3n: Un Viaje a Trav\u00e9s de la Danza<\/h3>\n<p>En un mundo donde el arte y la inclusi\u00f3n se entrelazan, emergen experiencias que van m\u00e1s all\u00e1 de la mera est\u00e9tica. En un reciente taller de danza inclusiva, un grupo de 15 participantes realiz\u00f3 una funci\u00f3n que se convirti\u00f3 en un verdadero homenaje a la diversidad y la expresi\u00f3n corporal. Este evento no solo destac\u00f3 el talento de sus protagonistas, sino que tambi\u00e9n subray\u00f3 la importancia de crear espacios donde todos puedan expresarse libremente.<\/p>\n<p>La danza inclusiva es una forma de arte que busca romper barreras, permitiendo que personas de distintas habilidades se unan en una sinfon\u00eda de movimiento y creatividad. En esta actuaci\u00f3n, cada movimiento, cada gesto, reflej\u00f3 no solo el arduo trabajo de meses de ensayos, sino tambi\u00e9n el deseo de compartir un mensaje poderoso: la inclusi\u00f3n es posible y necesaria en todos los aspectos de la vida.<\/p>\n<p>Los escenarios donde se presentan estas iniciativas suelen ser \u00fanicos. En esta ocasi\u00f3n, el espacio escogido se convirti\u00f3 en un puente hacia la celebraci\u00f3n de la diversidad. Al entrar, el p\u00fablico fue recibido por un ambiente vibrante, lleno de colores y energ\u00eda. El escenario, con sus luces c\u00e1lidas, se transform\u00f3 en un espacio donde las historias de vida, los sue\u00f1os y las luchas individuales se enredaron en una danza cautivadora.<\/p>\n<p>La funci\u00f3n no solo fue un espect\u00e1culo visual, sino tambi\u00e9n una experiencia emotiva. Las sonrisas y las l\u00e1grimas del p\u00fablico resonaron con cada paso de los bailarines, quienes, con su entrega y pasi\u00f3n, lograron conectar con los espectadores de una manera \u00edntima. Cada representaci\u00f3n era un eco de esfuerzo, superaci\u00f3n y, sobre todo, de amor por el arte.<\/p>\n<p>El abordaje de la danza inclusiva en este taller invit\u00f3 a la comunidad a reflexionar sobre cu\u00e1nto podemos aprender unos de otros cuando se nos da la oportunidad. Aqu\u00ed, la danza se convierte en un lenguaje universal, capaz de comunicar sentimientos que a veces son dif\u00edciles de expresar con palabras. Fue una celebraci\u00f3n no solo de la habilidad t\u00e9cnica, sino de la valent\u00eda de salir al escenario y dejarse llevar por la m\u00fasica.<\/p>\n<p>M\u00e1s all\u00e1 de ser simplemente un evento, esta funci\u00f3n plantea la pregunta: \u00bfc\u00f3mo podemos seguir fomentando la inclusi\u00f3n en nuestras comunidades? La danza inclusiva es un ejemplo brillante de c\u00f3mo el arte puede ser un poderoso aliado para la cohesi\u00f3n social. La respuesta a esta pregunta no se encuentra \u00fanicamente en el \u00e1mbito cultural, sino en un compromiso colectivo para abrir espacios donde la diversidad sea valorada y celebrada.<\/p>\n<p>Los pr\u00f3ximos eventos de danza inclusiva se vislumbran en el horizonte, prometiendo m\u00e1s oportunidades para que estas historias sean contadas y celebradas. Cada presentaci\u00f3n es un recordatorio de que el arte es una herramienta poderosa para transformar realidades y que cada paso cuenta en el camino hacia un futuro m\u00e1s inclusivo.<\/p>\n<p>As\u00ed, te invitamos a dejarte llevar por el ritmo de la danza y a explorar estos espacios donde la inclusi\u00f3n y la creatividad se dan la mano. Al hacerlo, no solo te enriquecer\u00e1s como espectador, sino que te convertir\u00e1s en parte de un movimiento que celebra la diversidad en todas sus formas. <\/p>\n<p>Y, qui\u00e9n sabe, quiz\u00e1s te animes a unirte a uno de estos talleres y descubrir el poder transformador de la danza en tu propia vida. La pista de baile est\u00e1 abierta, y todos son bienvenidos.<\/p>\n<p><em> &#8221; Sources www.lanuevacronica.com &#8221; <\/em><\/p>\n<p><em> &#8221; Fuentes www.lanuevacronica.com &#8221; <\/em><\/p>\n","protected":false},"excerpt":{"rendered":"<p>Ritmo y Inclusi\u00f3n: Un Viaje a Trav\u00e9s de la Danza En un mundo donde el arte y la inclusi\u00f3n se entrelazan, emergen experiencias que van m\u00e1s all\u00e1 de la mera est\u00e9tica. En un reciente taller de danza inclusiva, un grupo de 15 participantes realiz\u00f3 una funci\u00f3n que se convirti\u00f3 en un verdadero homenaje a la [&hellip;]<\/p>\n","protected":false},"author":4,"featured_media":990787,"comment_status":"open","ping_status":"closed","sticky":false,"template":"","format":"standard","meta":{"om_disable_all_campaigns":false,"jnews-multi-image_gallery":[],"jnews_single_post":[],"jnews_primary_category":[],"jnews_social_meta":[],"footnotes":""},"categories":[41],"tags":[56978,8685,177179,14382,202580,12850,4075,12558,228789,228790],"class_list":["post-990786","post","type-post","status-publish","format-standard","has-post-thumbnail","hentry","category-cruceros","tag-artes-escenicas","tag-danza","tag-danza-inclusiva","tag-el-crucero","tag-evento-cultural","tag-inclusion","tag-movimiento","tag-participantes","tag-taller-de-danza","tag-ultima-funcion"],"_links":{"self":[{"href":"https:\/\/dimensionturistica.com\/es\/wp-json\/wp\/v2\/posts\/990786","targetHints":{"allow":["GET"]}}],"collection":[{"href":"https:\/\/dimensionturistica.com\/es\/wp-json\/wp\/v2\/posts"}],"about":[{"href":"https:\/\/dimensionturistica.com\/es\/wp-json\/wp\/v2\/types\/post"}],"author":[{"embeddable":true,"href":"https:\/\/dimensionturistica.com\/es\/wp-json\/wp\/v2\/users\/4"}],"replies":[{"embeddable":true,"href":"https:\/\/dimensionturistica.com\/es\/wp-json\/wp\/v2\/comments?post=990786"}],"version-history":[{"count":0,"href":"https:\/\/dimensionturistica.com\/es\/wp-json\/wp\/v2\/posts\/990786\/revisions"}],"wp:featuredmedia":[{"embeddable":true,"href":"https:\/\/dimensionturistica.com\/es\/wp-json\/wp\/v2\/media\/990787"}],"wp:attachment":[{"href":"https:\/\/dimensionturistica.com\/es\/wp-json\/wp\/v2\/media?parent=990786"}],"wp:term":[{"taxonomy":"category","embeddable":true,"href":"https:\/\/dimensionturistica.com\/es\/wp-json\/wp\/v2\/categories?post=990786"},{"taxonomy":"post_tag","embeddable":true,"href":"https:\/\/dimensionturistica.com\/es\/wp-json\/wp\/v2\/tags?post=990786"}],"curies":[{"name":"wp","href":"https:\/\/api.w.org\/{rel}","templated":true}]}}