{"id":99069,"date":"2021-03-20T09:58:01","date_gmt":"2021-03-20T09:58:01","guid":{"rendered":"https:\/\/dimensionturistica.com\/es\/?p=99069"},"modified":"2021-03-20T09:58:01","modified_gmt":"2021-03-20T09:58:01","slug":"royal-caribbean-vuelven-en-junio-los-cruceros-al-caribe-mexicano","status":"publish","type":"post","link":"https:\/\/dimensionturistica.com\/es\/royal-caribbean-vuelven-en-junio-los-cruceros-al-caribe-mexicano\/","title":{"rendered":"Royal Caribbean: vuelven en junio los cruceros al Caribe mexicano"},"content":{"rendered":"<p> <br \/>\n<\/p>\n<div id=\"post-151192\">\n<p class=\"antetitulo\" style=\"margin-top: 10px;\">Reservaciones a partir del 24 de marzo<\/p>\n<hr style=\"margin: 10px 0 3px\" \/>\n<p class=\"autor\" style=\"font-size: 12px; margin: 10px 0;\">R. R. | Canc\u00fan | 20 de  marzo de 2021 &#13;<br \/>\n\t <a rel=\"nofollow noopener\" target=\"_blank\" href=\"https:\/\/www.reportur.com\/mexico\/2021\/03\/20\/royal-caribbean-vuelven-junio-los-cruceros-al-caribe-mexicano\/#respond\" style=\"float:right; text-decoration: none; color:#000000\">&#13;<br \/>\n    <img decoding=\"async\" src=\"https:\/\/dimensionturistica.com\/es\/wp-content\/uploads\/2020\/10\/Regresan-los-cruceros-al-Caribe-mexicano-a-partir-de-noviembre.png\" align=\"absmiddle\" style=\"margin-right: 0;\" \/> Deja un comentario\t\t<\/a>&#13;\n\t\t<\/p>\n<hr style=\"margin: 3px 0 10px\" \/>\n<p class=\"relacionadosSingle\"><b>TEMAS RELACIONADOS: <a rel=\"nofollow noopener\" target=\"_blank\" href=\"https:\/\/www.reportur.com\/tag\/caribe-mexicano\/\">Caribe Mexicano<\/a>, <a rel=\"nofollow noopener\" target=\"_blank\" href=\"https:\/\/www.reportur.com\/tag\/cozumel\/\">Cozumel<\/a>, <a rel=\"nofollow noopener\" target=\"_blank\" href=\"https:\/\/www.reportur.com\/tag\/cruceros\/\">Cruceros<\/a>, <a rel=\"nofollow noopener\" target=\"_blank\" href=\"https:\/\/www.reportur.com\/tag\/royal-caribbean-international\/\">Royal Caribbean International<\/a><\/b><\/p>\n<hr style=\"margin-bottom: 15px;\" \/>\n<div class=\"post\">\n<p><img decoding=\"async\" class=\"wp-image-129532 aligncenter\" src=\"https:\/\/dimensionturistica.com\/es\/wp-content\/uploads\/2021\/03\/Royal-Caribbean-vuelven-en-junio-los-cruceros-al-Caribe-mexicano.jpg\" alt=\"\" width=\"640\" height=\"413\"   \/>Royal Caribbean Worldwide ha anunciado que regresa al Caribe mexicano a partir de junio tras m\u00e1s de un a\u00f1o de ausencia a causa de la pandemia. Con este anuncio, el puerto de Cozumel se prepara para recibir el primer crucero en meses y comenzar su reactivacion eon\u00f3mica.<\/p>\n<p>Las reservaciones para este primer crucero que tendr\u00e1 en su ruta la isla privada Coco Cay, la isla Gran Bahama, Las Bahamas y Cozumel, se abrir\u00e1n el mi\u00e9rcoles 24 de marzo y el 12 de junio de 2021 zarpar\u00e1 de Nassau el \u201cAdventure of the Seas\u201d, ha informado la naviera.<\/p>\n<p>Asimismo, a partir de agosto, habr\u00e1 nuevos itinerarios en embarcaciones que navegar\u00e1n con toda la tripulaci\u00f3n inmunizada y estar\u00e1n disponibles para los adultos ya vacunados contra Covid-19 y menores de 18 a\u00f1os con resultado negativo de SARS-Cov-2.<\/p>\n<p>\u201cHan sido meses de mucho trabajo, llevamos m\u00e1s de diez meses en reuniones continuas con los ejecutivos de Royal Caribbean International para garantizar un regreso seguro de los cruceros a Cozumel, tanto para los viajeros y la tripulaci\u00f3n del barco, como para nuestros servidores tur\u00edsticos\u201d, ha destacado el presidente Municipal, Pedro Joaqu\u00edn Delbouis.<\/p>\n<p>Por su parte, el presidente y director ejecutivo de Royal Caribbean Worldwide, Michael Bayley, ha destacado \u201cla relaci\u00f3n duradera y exitosa con M\u00e9xico\u201d y agradeci\u00f3 la colaboraci\u00f3n y el apoyo del alcalde Pedro Joaqu\u00edn y del Gobierno.<\/p>\n<p>\u201cNuestras comunidades de destino se han visto muy afectadas por la pandemia y estamos comprometidos a trabajar junto con socios locales para impulsar m\u00e1s oportunidades de empleo y reactivar el crecimiento econ\u00f3mico de la regi\u00f3n\u201d, ha se\u00f1alado Bayley.<\/p>\n<p><!-- AddThis Advanced Settings above via filter on the_content --><!-- AddThis Advanced Settings below via filter on the_content --><!-- AddThis Advanced Settings generic via filter on the_content --><!-- AddThis Share Buttons above via filter on the_content --><!-- AddThis Share Buttons below via filter on the_content --><!-- AddThis Share Buttons generic via filter on the_content --><\/div>\n<hr class=\"noCss\" \/><\/div>\n\n<p><em> &#8221; Fuentes www.reportur.com &#8221; <\/em><\/p>\n","protected":false},"excerpt":{"rendered":"<p>Reservaciones a partir del 24 de marzo R. R. | Canc\u00fan | 20 de marzo de 2021 &#13; &#13; Deja un comentario &#13; TEMAS RELACIONADOS: Caribe Mexicano, Cozumel, Cruceros, Royal Caribbean International Royal Caribbean Worldwide ha anunciado que regresa al Caribe mexicano a partir de junio tras m\u00e1s de un a\u00f1o de ausencia a causa [&hellip;]<\/p>\n","protected":false},"author":4,"featured_media":99070,"comment_status":"open","ping_status":"closed","sticky":false,"template":"","format":"standard","meta":{"om_disable_all_campaigns":false,"jnews-multi-image_gallery":[],"jnews_single_post":[],"jnews_primary_category":[],"jnews_social_meta":[],"footnotes":""},"categories":[41],"tags":[],"class_list":["post-99069","post","type-post","status-publish","format-standard","has-post-thumbnail","hentry","category-cruceros"],"_links":{"self":[{"href":"https:\/\/dimensionturistica.com\/es\/wp-json\/wp\/v2\/posts\/99069","targetHints":{"allow":["GET"]}}],"collection":[{"href":"https:\/\/dimensionturistica.com\/es\/wp-json\/wp\/v2\/posts"}],"about":[{"href":"https:\/\/dimensionturistica.com\/es\/wp-json\/wp\/v2\/types\/post"}],"author":[{"embeddable":true,"href":"https:\/\/dimensionturistica.com\/es\/wp-json\/wp\/v2\/users\/4"}],"replies":[{"embeddable":true,"href":"https:\/\/dimensionturistica.com\/es\/wp-json\/wp\/v2\/comments?post=99069"}],"version-history":[{"count":0,"href":"https:\/\/dimensionturistica.com\/es\/wp-json\/wp\/v2\/posts\/99069\/revisions"}],"wp:featuredmedia":[{"embeddable":true,"href":"https:\/\/dimensionturistica.com\/es\/wp-json\/wp\/v2\/media\/99070"}],"wp:attachment":[{"href":"https:\/\/dimensionturistica.com\/es\/wp-json\/wp\/v2\/media?parent=99069"}],"wp:term":[{"taxonomy":"category","embeddable":true,"href":"https:\/\/dimensionturistica.com\/es\/wp-json\/wp\/v2\/categories?post=99069"},{"taxonomy":"post_tag","embeddable":true,"href":"https:\/\/dimensionturistica.com\/es\/wp-json\/wp\/v2\/tags?post=99069"}],"curies":[{"name":"wp","href":"https:\/\/api.w.org\/{rel}","templated":true}]}}